{"id":465,"date":"2024-03-04T20:47:02","date_gmt":"2024-03-04T20:47:02","guid":{"rendered":"https:\/\/toman.pl\/?p=465"},"modified":"2024-03-05T22:13:56","modified_gmt":"2024-03-05T22:13:56","slug":"tata-i-corka-warsztaty-z-ukladania-fryzur","status":"publish","type":"post","link":"https:\/\/toman.pl\/index.php\/2024\/03\/04\/tata-i-corka-warsztaty-z-ukladania-fryzur\/","title":{"rendered":"Tata i c\u00f3rka &#8211; warsztaty z uk\u0142adania fryzur w Rybniku"},"content":{"rendered":"\n<p><strong>Zabierz swoj\u0105 Ma\u0142\u0105 Kobietk\u0119 na warsztaty! <\/strong><\/p>\n\n\n\n<p>Z okazji Dnia Kobiet fryzjer Patryk Kucharski b\u0119dzie prowadzi\u0142 warsztaty z uk\u0142adania fryzur dla ojc\u00f3w z c\u00f3rkami.<\/p>\n\n\n\n<p>Warsztaty odb\u0119d\u0105 si\u0119 w godz.:<\/p>\n\n\n\n<ul class=\"wp-block-list\"><li>13:00-14:00 (pierwsza grupa) <\/li><li>14:30 &#8211; 15:30 (druga grupa).<\/li><\/ul>\n\n\n\n<p>Obowi\u0105zuj\u0105 zapisy, a liczba miejsc jest ograniczona. \u017beby si\u0119 zapisa\u0107 wystarczy wys\u0142a\u0107 wiadomo\u015b\u0107 na priv na <a href=\"https:\/\/www.facebook.com\/radnyToman\">Facebooku<\/a> lub mail: michal@toman.pl<\/p>\n\n\n\n<p>Adres: Rybnik, ul. Rudzka 8 &#8211; biuro senatorskie <a href=\"https:\/\/www.facebook.com\/piotrpawelmaslowski?__cft__[0]=AZV9-hU1j04RmZy_I_Pt3aigBbKFqV0h68FsGmoSE8StC3JimHKdt7uuuRxUd-zl1aGDAqRGOPbQlvJ_MFPrgJdeTXQATW4xBCNlr1kH2elpBpOzih6KXtV7k_mld4corFxKFOeNPQMIX204jlKq3k3fXLkvwUKdMsvaQ688JAifJBq888oGrOztK10MNjzwmXs&amp;__tn__=-]K-R\">Piotr Mas\u0142owski<\/a>.<\/p>\n\n\n\n<div class=\"wp-block-image\"><figure class=\"aligncenter size-large\"><img loading=\"lazy\" decoding=\"async\" width=\"724\" height=\"1024\" src=\"https:\/\/toman.pl\/wp-content\/uploads\/2024\/03\/8yOy0YKF-724x1024.jpg\" alt=\"\" class=\"wp-image-477\" srcset=\"https:\/\/toman.pl\/wp-content\/uploads\/2024\/03\/8yOy0YKF-724x1024.jpg 724w, https:\/\/toman.pl\/wp-content\/uploads\/2024\/03\/8yOy0YKF-212x300.jpg 212w, https:\/\/toman.pl\/wp-content\/uploads\/2024\/03\/8yOy0YKF-768x1086.jpg 768w, https:\/\/toman.pl\/wp-content\/uploads\/2024\/03\/8yOy0YKF-1086x1536.jpg 1086w, https:\/\/toman.pl\/wp-content\/uploads\/2024\/03\/8yOy0YKF-740x1047.jpg 740w, https:\/\/toman.pl\/wp-content\/uploads\/2024\/03\/8yOy0YKF.jpg 1131w\" sizes=\"auto, (max-width: 724px) 100vw, 724px\" \/><\/figure><\/div>\n\n\n\n<p>Warsztaty Tata i c\u00f3rka \u2013 warsztaty z uk\u0142adania fryzur poprowadzi fryzjer Patryk Kucharski z <a href=\"https:\/\/www.facebook.com\/profile.php?id=61552342650699\">FrizzStyle<\/a> !<br>Z pasj\u0105 i mega zaanga\u017cowaniem prowadzi salon fryzjerski od 2009 roku a\u017c do dnia dzisiejszego w Rybniku \u2013 Radziejowie przy ul. Trzech Krzy\u017cy 1a.<br>Codziennie podnosi swoje kwalifikacje, ambasador marki z.one concept.<br>Prywatne m\u0105\u017c i taka czw\u00f3rki dzieci.<\/p>\n\n\n\n<p>Podczas wydarzenia b\u0119dzie mo\u017cna wp\u0142aci\u0107 cegie\u0142k\u0119 do puszki na leczenie Krzysztofa Najdowskiego.<\/p>\n\n\n\n<div class=\"wp-block-image\"><figure class=\"aligncenter size-large\"><img loading=\"lazy\" decoding=\"async\" width=\"716\" height=\"1024\" src=\"https:\/\/toman.pl\/wp-content\/uploads\/2024\/03\/326560149_552814993531310_6061073774265385119_n-716x1024.jpg\" alt=\"\" class=\"wp-image-473\" srcset=\"https:\/\/toman.pl\/wp-content\/uploads\/2024\/03\/326560149_552814993531310_6061073774265385119_n-716x1024.jpg 716w, https:\/\/toman.pl\/wp-content\/uploads\/2024\/03\/326560149_552814993531310_6061073774265385119_n-210x300.jpg 210w, https:\/\/toman.pl\/wp-content\/uploads\/2024\/03\/326560149_552814993531310_6061073774265385119_n-768x1098.jpg 768w, https:\/\/toman.pl\/wp-content\/uploads\/2024\/03\/326560149_552814993531310_6061073774265385119_n-1074x1536.jpg 1074w, https:\/\/toman.pl\/wp-content\/uploads\/2024\/03\/326560149_552814993531310_6061073774265385119_n-740x1058.jpg 740w, https:\/\/toman.pl\/wp-content\/uploads\/2024\/03\/326560149_552814993531310_6061073774265385119_n.jpg 1432w\" sizes=\"auto, (max-width: 716px) 100vw, 716px\" \/><\/figure><\/div>\n","protected":false},"excerpt":{"rendered":"<p>Zabierz swoj\u0105 Ma\u0142\u0105 Kobietk\u0119 na warsztaty! Z okazji Dnia Kobiet fryzjer Patryk Kucharski b\u0119dzie prowadzi\u0142 warsztaty&#46;&#46;&#46;<\/p>\n","protected":false},"author":1,"featured_media":466,"comment_status":"open","ping_status":"open","sticky":false,"template":"","format":"standard","meta":{"footnotes":""},"categories":[67,8],"tags":[122,125,121,124,123],"class_list":["post-465","post","type-post","status-publish","format-standard","has-post-thumbnail","hentry","category-informacje-dla-mieszkancow","category-ngo","tag-corka","tag-fryzura","tag-tata","tag-ukldanie-fryzur","tag-warsztaty"],"yoast_head":"<!-- This site is optimized with the Yoast SEO plugin v27.5 - https:\/\/yoast.com\/product\/yoast-seo-wordpress\/ -->\n<title>Tata i c\u00f3rka - warsztaty z uk\u0142adania fryzur w Rybniku - Micha\u0142 Toman<\/title>\n<meta name=\"description\" content=\"Z okazji Dnia Kobiet fryzjer Patryk Kucharski b\u0119dzie prowadzi\u0142 warsztaty z uk\u0142adania fryzur dla ojc\u00f3w z c\u00f3rkami.\" \/>\n<meta name=\"robots\" content=\"index, follow, max-snippet:-1, max-image-preview:large, max-video-preview:-1\" \/>\n<link rel=\"canonical\" href=\"https:\/\/toman.pl\/index.php\/2024\/03\/04\/tata-i-corka-warsztaty-z-ukladania-fryzur\/\" \/>\n<meta property=\"og:locale\" content=\"pl_PL\" \/>\n<meta property=\"og:type\" content=\"article\" \/>\n<meta property=\"og:title\" content=\"Tata i c\u00f3rka - warsztaty z uk\u0142adania fryzur w Rybniku - Micha\u0142 Toman\" \/>\n<meta property=\"og:description\" content=\"Z okazji Dnia Kobiet fryzjer Patryk Kucharski b\u0119dzie prowadzi\u0142 warsztaty z uk\u0142adania fryzur dla ojc\u00f3w z c\u00f3rkami.\" \/>\n<meta property=\"og:url\" content=\"https:\/\/toman.pl\/index.php\/2024\/03\/04\/tata-i-corka-warsztaty-z-ukladania-fryzur\/\" \/>\n<meta property=\"og:site_name\" content=\"Micha\u0142 Toman\" \/>\n<meta property=\"article:published_time\" content=\"2024-03-04T20:47:02+00:00\" \/>\n<meta property=\"article:modified_time\" content=\"2024-03-05T22:13:56+00:00\" \/>\n<meta property=\"og:image\" content=\"https:\/\/toman.pl\/wp-content\/uploads\/2024\/03\/fathers.png\" \/>\n\t<meta property=\"og:image:width\" content=\"1920\" \/>\n\t<meta property=\"og:image:height\" content=\"1080\" \/>\n\t<meta property=\"og:image:type\" content=\"image\/png\" \/>\n<meta name=\"author\" content=\"Micha\u0142 Toman\" \/>\n<meta name=\"twitter:card\" content=\"summary_large_image\" \/>\n<meta name=\"twitter:label1\" content=\"Napisane przez\" \/>\n\t<meta name=\"twitter:data1\" content=\"Micha\u0142 Toman\" \/>\n\t<meta name=\"twitter:label2\" content=\"Szacowany czas czytania\" \/>\n\t<meta name=\"twitter:data2\" content=\"2 minuty\" \/>\n<script type=\"application\/ld+json\" class=\"yoast-schema-graph\">{\"@context\":\"https:\\\/\\\/schema.org\",\"@graph\":[{\"@type\":\"Article\",\"@id\":\"https:\\\/\\\/toman.pl\\\/index.php\\\/2024\\\/03\\\/04\\\/tata-i-corka-warsztaty-z-ukladania-fryzur\\\/#article\",\"isPartOf\":{\"@id\":\"https:\\\/\\\/toman.pl\\\/index.php\\\/2024\\\/03\\\/04\\\/tata-i-corka-warsztaty-z-ukladania-fryzur\\\/\"},\"author\":{\"name\":\"Micha\u0142 Toman\",\"@id\":\"https:\\\/\\\/toman.pl\\\/#\\\/schema\\\/person\\\/c51787b16a9d9c4b086af5560c337ae7\"},\"headline\":\"Tata i c\u00f3rka &#8211; warsztaty z uk\u0142adania fryzur w Rybniku\",\"datePublished\":\"2024-03-04T20:47:02+00:00\",\"dateModified\":\"2024-03-05T22:13:56+00:00\",\"mainEntityOfPage\":{\"@id\":\"https:\\\/\\\/toman.pl\\\/index.php\\\/2024\\\/03\\\/04\\\/tata-i-corka-warsztaty-z-ukladania-fryzur\\\/\"},\"wordCount\":157,\"commentCount\":0,\"image\":{\"@id\":\"https:\\\/\\\/toman.pl\\\/index.php\\\/2024\\\/03\\\/04\\\/tata-i-corka-warsztaty-z-ukladania-fryzur\\\/#primaryimage\"},\"thumbnailUrl\":\"https:\\\/\\\/toman.pl\\\/wp-content\\\/uploads\\\/2024\\\/03\\\/fathers.png\",\"keywords\":[\"c\u00f3rka\",\"fryzura\",\"tata\",\"uk\u0142danie fryzur\",\"warsztaty\"],\"articleSection\":[\"Informacje dla mieszka\u0144c\u00f3w\",\"Spo\u0142ecznie\"],\"inLanguage\":\"pl-PL\",\"potentialAction\":[{\"@type\":\"CommentAction\",\"name\":\"Comment\",\"target\":[\"https:\\\/\\\/toman.pl\\\/index.php\\\/2024\\\/03\\\/04\\\/tata-i-corka-warsztaty-z-ukladania-fryzur\\\/#respond\"]}]},{\"@type\":\"WebPage\",\"@id\":\"https:\\\/\\\/toman.pl\\\/index.php\\\/2024\\\/03\\\/04\\\/tata-i-corka-warsztaty-z-ukladania-fryzur\\\/\",\"url\":\"https:\\\/\\\/toman.pl\\\/index.php\\\/2024\\\/03\\\/04\\\/tata-i-corka-warsztaty-z-ukladania-fryzur\\\/\",\"name\":\"Tata i c\u00f3rka - warsztaty z uk\u0142adania fryzur w Rybniku - Micha\u0142 Toman\",\"isPartOf\":{\"@id\":\"https:\\\/\\\/toman.pl\\\/#website\"},\"primaryImageOfPage\":{\"@id\":\"https:\\\/\\\/toman.pl\\\/index.php\\\/2024\\\/03\\\/04\\\/tata-i-corka-warsztaty-z-ukladania-fryzur\\\/#primaryimage\"},\"image\":{\"@id\":\"https:\\\/\\\/toman.pl\\\/index.php\\\/2024\\\/03\\\/04\\\/tata-i-corka-warsztaty-z-ukladania-fryzur\\\/#primaryimage\"},\"thumbnailUrl\":\"https:\\\/\\\/toman.pl\\\/wp-content\\\/uploads\\\/2024\\\/03\\\/fathers.png\",\"datePublished\":\"2024-03-04T20:47:02+00:00\",\"dateModified\":\"2024-03-05T22:13:56+00:00\",\"author\":{\"@id\":\"https:\\\/\\\/toman.pl\\\/#\\\/schema\\\/person\\\/c51787b16a9d9c4b086af5560c337ae7\"},\"description\":\"Z okazji Dnia Kobiet fryzjer Patryk Kucharski b\u0119dzie prowadzi\u0142 warsztaty z uk\u0142adania fryzur dla ojc\u00f3w z c\u00f3rkami.\",\"breadcrumb\":{\"@id\":\"https:\\\/\\\/toman.pl\\\/index.php\\\/2024\\\/03\\\/04\\\/tata-i-corka-warsztaty-z-ukladania-fryzur\\\/#breadcrumb\"},\"inLanguage\":\"pl-PL\",\"potentialAction\":[{\"@type\":\"ReadAction\",\"target\":[\"https:\\\/\\\/toman.pl\\\/index.php\\\/2024\\\/03\\\/04\\\/tata-i-corka-warsztaty-z-ukladania-fryzur\\\/\"]}]},{\"@type\":\"ImageObject\",\"inLanguage\":\"pl-PL\",\"@id\":\"https:\\\/\\\/toman.pl\\\/index.php\\\/2024\\\/03\\\/04\\\/tata-i-corka-warsztaty-z-ukladania-fryzur\\\/#primaryimage\",\"url\":\"https:\\\/\\\/toman.pl\\\/wp-content\\\/uploads\\\/2024\\\/03\\\/fathers.png\",\"contentUrl\":\"https:\\\/\\\/toman.pl\\\/wp-content\\\/uploads\\\/2024\\\/03\\\/fathers.png\",\"width\":1920,\"height\":1080,\"caption\":\"Tata i c\u00f3rka - warsztaty z uk\u0142adania fryzur\"},{\"@type\":\"BreadcrumbList\",\"@id\":\"https:\\\/\\\/toman.pl\\\/index.php\\\/2024\\\/03\\\/04\\\/tata-i-corka-warsztaty-z-ukladania-fryzur\\\/#breadcrumb\",\"itemListElement\":[{\"@type\":\"ListItem\",\"position\":1,\"name\":\"Strona g\u0142\u00f3wna\",\"item\":\"https:\\\/\\\/toman.pl\\\/\"},{\"@type\":\"ListItem\",\"position\":2,\"name\":\"Tata i c\u00f3rka &#8211; warsztaty z uk\u0142adania fryzur w Rybniku\"}]},{\"@type\":\"WebSite\",\"@id\":\"https:\\\/\\\/toman.pl\\\/#website\",\"url\":\"https:\\\/\\\/toman.pl\\\/\",\"name\":\"Micha\u0142 Toman\",\"description\":\"\",\"potentialAction\":[{\"@type\":\"SearchAction\",\"target\":{\"@type\":\"EntryPoint\",\"urlTemplate\":\"https:\\\/\\\/toman.pl\\\/?s={search_term_string}\"},\"query-input\":{\"@type\":\"PropertyValueSpecification\",\"valueRequired\":true,\"valueName\":\"search_term_string\"}}],\"inLanguage\":\"pl-PL\"},{\"@type\":\"Person\",\"@id\":\"https:\\\/\\\/toman.pl\\\/#\\\/schema\\\/person\\\/c51787b16a9d9c4b086af5560c337ae7\",\"name\":\"Micha\u0142 Toman\",\"image\":{\"@type\":\"ImageObject\",\"inLanguage\":\"pl-PL\",\"@id\":\"https:\\\/\\\/secure.gravatar.com\\\/avatar\\\/6e004dfaf54aa5af73ea52490249766d8862c0ec79843bf0d653f78635460df8?s=96&d=mm&r=g\",\"url\":\"https:\\\/\\\/secure.gravatar.com\\\/avatar\\\/6e004dfaf54aa5af73ea52490249766d8862c0ec79843bf0d653f78635460df8?s=96&d=mm&r=g\",\"contentUrl\":\"https:\\\/\\\/secure.gravatar.com\\\/avatar\\\/6e004dfaf54aa5af73ea52490249766d8862c0ec79843bf0d653f78635460df8?s=96&d=mm&r=g\",\"caption\":\"Micha\u0142 Toman\"},\"sameAs\":[\"http:\\\/\\\/tomanpa.cluster028.hosting.ovh.net\"],\"url\":\"https:\\\/\\\/toman.pl\\\/index.php\\\/author\\\/admin5877\\\/\"}]}<\/script>\n<!-- \/ Yoast SEO plugin. -->","yoast_head_json":{"title":"Tata i c\u00f3rka - warsztaty z uk\u0142adania fryzur w Rybniku - Micha\u0142 Toman","description":"Z okazji Dnia Kobiet fryzjer Patryk Kucharski b\u0119dzie prowadzi\u0142 warsztaty z uk\u0142adania fryzur dla ojc\u00f3w z c\u00f3rkami.","robots":{"index":"index","follow":"follow","max-snippet":"max-snippet:-1","max-image-preview":"max-image-preview:large","max-video-preview":"max-video-preview:-1"},"canonical":"https:\/\/toman.pl\/index.php\/2024\/03\/04\/tata-i-corka-warsztaty-z-ukladania-fryzur\/","og_locale":"pl_PL","og_type":"article","og_title":"Tata i c\u00f3rka - warsztaty z uk\u0142adania fryzur w Rybniku - Micha\u0142 Toman","og_description":"Z okazji Dnia Kobiet fryzjer Patryk Kucharski b\u0119dzie prowadzi\u0142 warsztaty z uk\u0142adania fryzur dla ojc\u00f3w z c\u00f3rkami.","og_url":"https:\/\/toman.pl\/index.php\/2024\/03\/04\/tata-i-corka-warsztaty-z-ukladania-fryzur\/","og_site_name":"Micha\u0142 Toman","article_published_time":"2024-03-04T20:47:02+00:00","article_modified_time":"2024-03-05T22:13:56+00:00","og_image":[{"width":1920,"height":1080,"url":"https:\/\/toman.pl\/wp-content\/uploads\/2024\/03\/fathers.png","type":"image\/png"}],"author":"Micha\u0142 Toman","twitter_card":"summary_large_image","twitter_misc":{"Napisane przez":"Micha\u0142 Toman","Szacowany czas czytania":"2 minuty"},"schema":{"@context":"https:\/\/schema.org","@graph":[{"@type":"Article","@id":"https:\/\/toman.pl\/index.php\/2024\/03\/04\/tata-i-corka-warsztaty-z-ukladania-fryzur\/#article","isPartOf":{"@id":"https:\/\/toman.pl\/index.php\/2024\/03\/04\/tata-i-corka-warsztaty-z-ukladania-fryzur\/"},"author":{"name":"Micha\u0142 Toman","@id":"https:\/\/toman.pl\/#\/schema\/person\/c51787b16a9d9c4b086af5560c337ae7"},"headline":"Tata i c\u00f3rka &#8211; warsztaty z uk\u0142adania fryzur w Rybniku","datePublished":"2024-03-04T20:47:02+00:00","dateModified":"2024-03-05T22:13:56+00:00","mainEntityOfPage":{"@id":"https:\/\/toman.pl\/index.php\/2024\/03\/04\/tata-i-corka-warsztaty-z-ukladania-fryzur\/"},"wordCount":157,"commentCount":0,"image":{"@id":"https:\/\/toman.pl\/index.php\/2024\/03\/04\/tata-i-corka-warsztaty-z-ukladania-fryzur\/#primaryimage"},"thumbnailUrl":"https:\/\/toman.pl\/wp-content\/uploads\/2024\/03\/fathers.png","keywords":["c\u00f3rka","fryzura","tata","uk\u0142danie fryzur","warsztaty"],"articleSection":["Informacje dla mieszka\u0144c\u00f3w","Spo\u0142ecznie"],"inLanguage":"pl-PL","potentialAction":[{"@type":"CommentAction","name":"Comment","target":["https:\/\/toman.pl\/index.php\/2024\/03\/04\/tata-i-corka-warsztaty-z-ukladania-fryzur\/#respond"]}]},{"@type":"WebPage","@id":"https:\/\/toman.pl\/index.php\/2024\/03\/04\/tata-i-corka-warsztaty-z-ukladania-fryzur\/","url":"https:\/\/toman.pl\/index.php\/2024\/03\/04\/tata-i-corka-warsztaty-z-ukladania-fryzur\/","name":"Tata i c\u00f3rka - warsztaty z uk\u0142adania fryzur w Rybniku - Micha\u0142 Toman","isPartOf":{"@id":"https:\/\/toman.pl\/#website"},"primaryImageOfPage":{"@id":"https:\/\/toman.pl\/index.php\/2024\/03\/04\/tata-i-corka-warsztaty-z-ukladania-fryzur\/#primaryimage"},"image":{"@id":"https:\/\/toman.pl\/index.php\/2024\/03\/04\/tata-i-corka-warsztaty-z-ukladania-fryzur\/#primaryimage"},"thumbnailUrl":"https:\/\/toman.pl\/wp-content\/uploads\/2024\/03\/fathers.png","datePublished":"2024-03-04T20:47:02+00:00","dateModified":"2024-03-05T22:13:56+00:00","author":{"@id":"https:\/\/toman.pl\/#\/schema\/person\/c51787b16a9d9c4b086af5560c337ae7"},"description":"Z okazji Dnia Kobiet fryzjer Patryk Kucharski b\u0119dzie prowadzi\u0142 warsztaty z uk\u0142adania fryzur dla ojc\u00f3w z c\u00f3rkami.","breadcrumb":{"@id":"https:\/\/toman.pl\/index.php\/2024\/03\/04\/tata-i-corka-warsztaty-z-ukladania-fryzur\/#breadcrumb"},"inLanguage":"pl-PL","potentialAction":[{"@type":"ReadAction","target":["https:\/\/toman.pl\/index.php\/2024\/03\/04\/tata-i-corka-warsztaty-z-ukladania-fryzur\/"]}]},{"@type":"ImageObject","inLanguage":"pl-PL","@id":"https:\/\/toman.pl\/index.php\/2024\/03\/04\/tata-i-corka-warsztaty-z-ukladania-fryzur\/#primaryimage","url":"https:\/\/toman.pl\/wp-content\/uploads\/2024\/03\/fathers.png","contentUrl":"https:\/\/toman.pl\/wp-content\/uploads\/2024\/03\/fathers.png","width":1920,"height":1080,"caption":"Tata i c\u00f3rka - warsztaty z uk\u0142adania fryzur"},{"@type":"BreadcrumbList","@id":"https:\/\/toman.pl\/index.php\/2024\/03\/04\/tata-i-corka-warsztaty-z-ukladania-fryzur\/#breadcrumb","itemListElement":[{"@type":"ListItem","position":1,"name":"Strona g\u0142\u00f3wna","item":"https:\/\/toman.pl\/"},{"@type":"ListItem","position":2,"name":"Tata i c\u00f3rka &#8211; warsztaty z uk\u0142adania fryzur w Rybniku"}]},{"@type":"WebSite","@id":"https:\/\/toman.pl\/#website","url":"https:\/\/toman.pl\/","name":"Micha\u0142 Toman","description":"","potentialAction":[{"@type":"SearchAction","target":{"@type":"EntryPoint","urlTemplate":"https:\/\/toman.pl\/?s={search_term_string}"},"query-input":{"@type":"PropertyValueSpecification","valueRequired":true,"valueName":"search_term_string"}}],"inLanguage":"pl-PL"},{"@type":"Person","@id":"https:\/\/toman.pl\/#\/schema\/person\/c51787b16a9d9c4b086af5560c337ae7","name":"Micha\u0142 Toman","image":{"@type":"ImageObject","inLanguage":"pl-PL","@id":"https:\/\/secure.gravatar.com\/avatar\/6e004dfaf54aa5af73ea52490249766d8862c0ec79843bf0d653f78635460df8?s=96&d=mm&r=g","url":"https:\/\/secure.gravatar.com\/avatar\/6e004dfaf54aa5af73ea52490249766d8862c0ec79843bf0d653f78635460df8?s=96&d=mm&r=g","contentUrl":"https:\/\/secure.gravatar.com\/avatar\/6e004dfaf54aa5af73ea52490249766d8862c0ec79843bf0d653f78635460df8?s=96&d=mm&r=g","caption":"Micha\u0142 Toman"},"sameAs":["http:\/\/tomanpa.cluster028.hosting.ovh.net"],"url":"https:\/\/toman.pl\/index.php\/author\/admin5877\/"}]}},"_links":{"self":[{"href":"https:\/\/toman.pl\/index.php\/wp-json\/wp\/v2\/posts\/465","targetHints":{"allow":["GET"]}}],"collection":[{"href":"https:\/\/toman.pl\/index.php\/wp-json\/wp\/v2\/posts"}],"about":[{"href":"https:\/\/toman.pl\/index.php\/wp-json\/wp\/v2\/types\/post"}],"author":[{"embeddable":true,"href":"https:\/\/toman.pl\/index.php\/wp-json\/wp\/v2\/users\/1"}],"replies":[{"embeddable":true,"href":"https:\/\/toman.pl\/index.php\/wp-json\/wp\/v2\/comments?post=465"}],"version-history":[{"count":3,"href":"https:\/\/toman.pl\/index.php\/wp-json\/wp\/v2\/posts\/465\/revisions"}],"predecessor-version":[{"id":478,"href":"https:\/\/toman.pl\/index.php\/wp-json\/wp\/v2\/posts\/465\/revisions\/478"}],"wp:featuredmedia":[{"embeddable":true,"href":"https:\/\/toman.pl\/index.php\/wp-json\/wp\/v2\/media\/466"}],"wp:attachment":[{"href":"https:\/\/toman.pl\/index.php\/wp-json\/wp\/v2\/media?parent=465"}],"wp:term":[{"taxonomy":"category","embeddable":true,"href":"https:\/\/toman.pl\/index.php\/wp-json\/wp\/v2\/categories?post=465"},{"taxonomy":"post_tag","embeddable":true,"href":"https:\/\/toman.pl\/index.php\/wp-json\/wp\/v2\/tags?post=465"}],"curies":[{"name":"wp","href":"https:\/\/api.w.org\/{rel}","templated":true}]}}