{"id":265,"date":"2021-08-14T12:57:00","date_gmt":"2021-08-14T12:57:00","guid":{"rendered":"http:\/\/tomanpa.cluster028.hosting.ovh.net\/?p=265"},"modified":"2021-09-18T13:02:45","modified_gmt":"2021-09-18T13:02:45","slug":"akcja-poznajmysie-w-debiensku","status":"publish","type":"post","link":"https:\/\/toman.pl\/index.php\/2021\/08\/14\/akcja-poznajmysie-w-debiensku\/","title":{"rendered":"Akcja #poznajmySi\u0119 w D\u0119bie\u0144sku"},"content":{"rendered":"\n<h2 class=\"wp-block-heading\"><strong>Przyjemne z po\u017cytecznym \u2013 eko-nauka przez zabaw\u0119<\/strong><\/h2>\n\n\n\n<p><strong>W sobot\u0119 (7 sierpnia 2021 r.) na terenie boiska LKS \u201eD\u0105b\u201d D\u0119bie\u0144sko mia\u0142o miejsce niecodzienne wydarzenie. Pojawili si\u0119 na nim uczestnicy zabawy Geocaching, mieszka\u0144cy Czerwionki-Leszczyn oraz okolicznych miast. Motywacj\u0105 do pojawienia si\u0119 w D\u0119bie\u0144sku by\u0142o z jednej strony zainteresowanie gr\u0105 terenow\u0105, a z drugiej ch\u0119\u0107 zadbania o otaczaj\u0105ce nas \u015brodowisko w skali mikro.<\/strong><\/p>\n\n\n\n<hr class=\"wp-block-separator\"\/>\n\n\n\n<h2 class=\"wp-block-heading\"><strong>Geocaching \u2013 nowoczesne poszukiwanie skarb\u00f3w z u\u017cyciem urz\u0105dzenia GPS<\/strong><\/h2>\n\n\n\n<p>Geocaching to zabawa, kt\u00f3ra uruchamia w jej uczestnikach naturaln\u0105 potrzeb\u0119 poszukiwa\u0144 skarb\u00f3w i przyg\u00f3d. Wystarczy zainstalowa\u0107 specjaln\u0105 aplikacj\u0119 (Geocaching) lub wej\u015b\u0107 na stron\u0119 geocaching.com i ju\u017c za chwil\u0119 mo\u017cecie zobaczy\u0107 map\u0119, na kt\u00f3rej zaznaczone s\u0105 kesze \u2013 skrytki zlokalizowane w terenie. Ukryto w nich dzienniki oraz przedmioty na wymian\u0119. Ilo\u015b\u0107 keszy na \u015bwiecie przekroczy\u0142a ju\u017c 3 mln. Znajdziemy je w prawie wszystkich regionach \u015bwiata. Wi\u0119cej informacji na temat samej gry znajdziecie na stronie geocaching.pl<\/p>\n\n\n\n<p>Uczestnicy spotkania w D\u0119bie\u0144sku mogli w praktyce pozna\u0107 zasady gry i zobaczy\u0107 przyk\u0142ady skrytek zlokalizowanych w Polsce.<\/p>\n\n\n\n<figure class=\"wp-block-image\"><img decoding=\"async\" src=\"https:\/\/lokalsi.net\/wp-content\/uploads\/2021\/08\/DSC1747-1024x681.jpeg\" alt=\"\" class=\"wp-image-10801\"\/><\/figure>\n\n\n\n<h2 class=\"wp-block-heading\"><strong>Przyjemne z po\u017cytecznym \u2013 eko-nauka przez zabaw\u0119<\/strong><\/h2>\n\n\n\n<p>Podczas sobotniego wydarzenia postawiono r\u00f3wnie\u017c na eko-edukacj\u0119. Przeprowadzone zosta\u0142y warsztaty z praktycznych zastosowa\u0144 idei \u201eZero Waste\u201d, kt\u00f3rej elementy mog\u0105 realnie wp\u0142yn\u0105\u0107 na ilo\u015b\u0107 wytwarzanych odpad\u00f3w. Okaza\u0142o si\u0119, \u017ce drobnymi dzia\u0142aniami, mo\u017cemy mie\u0107 wp\u0142yw na ilo\u015b\u0107 plastiku odbieranego przez s\u0142u\u017cby komunalne. Najm\u0142odsi poprzez zabaw\u0119 poznawali zasady segregacji odpad\u00f3w oraz grali w plansz\u00f3wki przygotowane przez organizator\u00f3w z materia\u0142\u00f3w z recyklingu.<\/p>\n\n\n\n<p>Ponadto odby\u0142y si\u0119 tematyczne biegi z nagrodami w kategoriach: doro\u015bli i dzieci. Mo\u017cna by\u0142o zaobserwowa\u0107 zaci\u0119t\u0105 rywalizacj\u0119, a zwyci\u0119zcy dos\u0142ownie ledwie o centymetry wyprzedzili konkurencj\u0119.<\/p>\n\n\n\n<figure class=\"wp-block-image\"><img decoding=\"async\" src=\"https:\/\/lokalsi.net\/wp-content\/uploads\/2021\/08\/IMG_3893-1024x768.jpeg\" alt=\"\" class=\"wp-image-10807\"\/><\/figure>\n\n\n\n<h2 class=\"wp-block-heading\"><strong>Eko-spacer \u201eAlej\u0105 Kasztanow\u0105\u201d<\/strong><\/h2>\n\n\n\n<p>Na zako\u0144czenie wydarzenia, jego uczestnicy dodali swoj\u0105 cegie\u0142k\u0119 do ochrony otaczaj\u0105cego nas \u015brodowiska. Z terenu boiska udali si\u0119 w kierunku G\u00f3ry Ram\u017ca, aby zebra\u0107 odpady z poboczy. Tereny przyleg\u0142e do alei pozornie wygl\u0105da\u0142y czysto, jednak uczestnicy eko-spaceru zebrali kilka work\u00f3w plastiku, szk\u0142a, metali oraz opon\u0119. Dzi\u0119ki wsp\u00f3\u0142pracy ze s\u0142u\u017cbami miejskimi, odpady zostan\u0105 bezpiecznie zutylizowane.<\/p>\n\n\n\n<figure class=\"wp-block-image\"><img decoding=\"async\" src=\"https:\/\/lokalsi.net\/wp-content\/uploads\/2021\/08\/DSC1764-1024x681.jpeg\" alt=\"\" class=\"wp-image-10803\"\/><\/figure>\n\n\n\n<h2 class=\"wp-block-heading\"><strong>#PoznajmySi\u0119<\/strong><\/h2>\n\n\n\n<p>Sobotnie wydarzenie by\u0142o r\u00f3wnie\u017c cz\u0119\u015bci\u0105 og\u00f3lnopolskiej akcji #PoznajmySi\u0119, organizowanej przez wolontariuszy i cz\u0142onk\u00f3w Stowarzyszenia Polska 2050. Poza okazj\u0105 do \u015bwietnej zabawy, spotkanie by\u0142o doskona\u0142\u0105 okazj\u0105 do poznania ciekawych ludzi, kt\u00f3rym le\u017cy na sercu dzia\u0142alno\u015b\u0107 spo\u0142eczna i ekologiczna. Poza lokalnymi strukturami, na miejscu pojawili si\u0119 przedstawiciele Polski 2050 z Jaworzna, Gliwic i Jastrz\u0119bia Zdroju.<\/p>\n\n\n\n<p>Ponadto odby\u0142y si\u0119 tematyczne biegi z nagrodami w kategoriach: doro\u015bli i dzieci. Mo\u017cna by\u0142o zaobserwowa\u0107 zaci\u0119t\u0105 rywalizacj\u0119, a zwyci\u0119zcy dos\u0142ownie ledwie o centymetry wyprzedzili konkurencj\u0119.<\/p>\n\n\n\n<figure class=\"wp-block-image\"><img decoding=\"async\" src=\"https:\/\/lokalsi.net\/wp-content\/uploads\/2021\/08\/IMG_3893-1024x768.jpeg\" alt=\"\" class=\"wp-image-10807\"\/><\/figure>\n\n\n\n<h2 class=\"wp-block-heading\"><strong>Eko-spacer \u201eAlej\u0105 Kasztanow\u0105\u201d<\/strong><\/h2>\n\n\n\n<p>Na zako\u0144czenie wydarzenia, jego uczestnicy dodali swoj\u0105 cegie\u0142k\u0119 do ochrony otaczaj\u0105cego nas \u015brodowiska. Z terenu boiska udali si\u0119 w kierunku G\u00f3ry Ram\u017ca, aby zebra\u0107 odpady z poboczy. Tereny przyleg\u0142e do alei pozornie wygl\u0105da\u0142y czysto, jednak uczestnicy eko-spaceru zebrali kilka work\u00f3w plastiku, szk\u0142a, metali oraz opon\u0119. Dzi\u0119ki wsp\u00f3\u0142pracy ze s\u0142u\u017cbami miejskimi, odpady zostan\u0105 bezpiecznie zutylizowane.<\/p>\n\n\n\n<figure class=\"wp-block-image\"><img decoding=\"async\" src=\"https:\/\/lokalsi.net\/wp-content\/uploads\/2021\/08\/DSC1764-1024x681.jpeg\" alt=\"\" class=\"wp-image-10803\"\/><\/figure>\n\n\n\n<h2 class=\"wp-block-heading\"><strong>#PoznajmySi\u0119<\/strong><\/h2>\n\n\n\n<p>Sobotnie wydarzenie by\u0142o r\u00f3wnie\u017c cz\u0119\u015bci\u0105 og\u00f3lnopolskiej akcji #PoznajmySi\u0119, organizowanej przez wolontariuszy i cz\u0142onk\u00f3w Stowarzyszenia Polska 2050. Poza okazj\u0105 do \u015bwietnej zabawy, spotkanie by\u0142o doskona\u0142\u0105 okazj\u0105 do poznania ciekawych ludzi, kt\u00f3rym le\u017cy na sercu dzia\u0142alno\u015b\u0107 spo\u0142eczna i ekologiczna. Poza lokalnymi strukturami, na miejscu pojawili si\u0119 przedstawiciele Polski 2050 z Jaworzna, Gliwic i Jastrz\u0119bia Zdroju.<\/p>\n","protected":false},"excerpt":{"rendered":"<p>Przyjemne z po\u017cytecznym \u2013 eko-nauka przez zabaw\u0119 W sobot\u0119 (7 sierpnia 2021 r.) na terenie boiska&#46;&#46;&#46;<\/p>\n","protected":false},"author":1,"featured_media":266,"comment_status":"open","ping_status":"open","sticky":false,"template":"","format":"standard","meta":{"footnotes":""},"categories":[4],"tags":[16,18,15,17],"class_list":["post-265","post","type-post","status-publish","format-standard","has-post-thumbnail","hentry","category-polska-2050-akcje","tag-akcje","tag-ekologia","tag-polska2050","tag-poznajmysie"],"yoast_head":"<!-- This site is optimized with the Yoast SEO plugin v27.5 - https:\/\/yoast.com\/product\/yoast-seo-wordpress\/ -->\n<title>Akcja #poznajmySi\u0119 w D\u0119bie\u0144sku - Micha\u0142 Toman<\/title>\n<meta name=\"robots\" content=\"index, follow, max-snippet:-1, max-image-preview:large, max-video-preview:-1\" \/>\n<link rel=\"canonical\" href=\"https:\/\/toman.pl\/index.php\/2021\/08\/14\/akcja-poznajmysie-w-debiensku\/\" \/>\n<meta property=\"og:locale\" content=\"pl_PL\" \/>\n<meta property=\"og:type\" content=\"article\" \/>\n<meta property=\"og:title\" content=\"Akcja #poznajmySi\u0119 w D\u0119bie\u0144sku - Micha\u0142 Toman\" \/>\n<meta property=\"og:description\" content=\"Przyjemne z po\u017cytecznym \u2013 eko-nauka przez zabaw\u0119 W sobot\u0119 (7 sierpnia 2021 r.) na terenie boiska&#046;&#046;&#046;\" \/>\n<meta property=\"og:url\" content=\"https:\/\/toman.pl\/index.php\/2021\/08\/14\/akcja-poznajmysie-w-debiensku\/\" \/>\n<meta property=\"og:site_name\" content=\"Micha\u0142 Toman\" \/>\n<meta property=\"article:published_time\" content=\"2021-08-14T12:57:00+00:00\" \/>\n<meta property=\"article:modified_time\" content=\"2021-09-18T13:02:45+00:00\" \/>\n<meta property=\"og:image\" content=\"https:\/\/toman.pl\/wp-content\/uploads\/2021\/09\/DSC1764-1024x681-1.jpeg\" \/>\n\t<meta property=\"og:image:width\" content=\"1024\" \/>\n\t<meta property=\"og:image:height\" content=\"681\" \/>\n\t<meta property=\"og:image:type\" content=\"image\/jpeg\" \/>\n<meta name=\"author\" content=\"Micha\u0142 Toman\" \/>\n<meta name=\"twitter:card\" content=\"summary_large_image\" \/>\n<meta name=\"twitter:label1\" content=\"Napisane przez\" \/>\n\t<meta name=\"twitter:data1\" content=\"Micha\u0142 Toman\" \/>\n\t<meta name=\"twitter:label2\" content=\"Szacowany czas czytania\" \/>\n\t<meta name=\"twitter:data2\" content=\"3 minuty\" \/>\n<script type=\"application\/ld+json\" class=\"yoast-schema-graph\">{\"@context\":\"https:\\\/\\\/schema.org\",\"@graph\":[{\"@type\":\"Article\",\"@id\":\"https:\\\/\\\/toman.pl\\\/index.php\\\/2021\\\/08\\\/14\\\/akcja-poznajmysie-w-debiensku\\\/#article\",\"isPartOf\":{\"@id\":\"https:\\\/\\\/toman.pl\\\/index.php\\\/2021\\\/08\\\/14\\\/akcja-poznajmysie-w-debiensku\\\/\"},\"author\":{\"name\":\"Micha\u0142 Toman\",\"@id\":\"https:\\\/\\\/toman.pl\\\/#\\\/schema\\\/person\\\/c51787b16a9d9c4b086af5560c337ae7\"},\"headline\":\"Akcja #poznajmySi\u0119 w D\u0119bie\u0144sku\",\"datePublished\":\"2021-08-14T12:57:00+00:00\",\"dateModified\":\"2021-09-18T13:02:45+00:00\",\"mainEntityOfPage\":{\"@id\":\"https:\\\/\\\/toman.pl\\\/index.php\\\/2021\\\/08\\\/14\\\/akcja-poznajmysie-w-debiensku\\\/\"},\"wordCount\":600,\"commentCount\":0,\"image\":{\"@id\":\"https:\\\/\\\/toman.pl\\\/index.php\\\/2021\\\/08\\\/14\\\/akcja-poznajmysie-w-debiensku\\\/#primaryimage\"},\"thumbnailUrl\":\"https:\\\/\\\/toman.pl\\\/wp-content\\\/uploads\\\/2021\\\/09\\\/DSC1764-1024x681-1.jpeg\",\"keywords\":[\"akcje\",\"ekologia\",\"polska2050\",\"poznajmySi\u0119\"],\"articleSection\":[\"Polska 2050 akcje\"],\"inLanguage\":\"pl-PL\",\"potentialAction\":[{\"@type\":\"CommentAction\",\"name\":\"Comment\",\"target\":[\"https:\\\/\\\/toman.pl\\\/index.php\\\/2021\\\/08\\\/14\\\/akcja-poznajmysie-w-debiensku\\\/#respond\"]}]},{\"@type\":\"WebPage\",\"@id\":\"https:\\\/\\\/toman.pl\\\/index.php\\\/2021\\\/08\\\/14\\\/akcja-poznajmysie-w-debiensku\\\/\",\"url\":\"https:\\\/\\\/toman.pl\\\/index.php\\\/2021\\\/08\\\/14\\\/akcja-poznajmysie-w-debiensku\\\/\",\"name\":\"Akcja #poznajmySi\u0119 w D\u0119bie\u0144sku - Micha\u0142 Toman\",\"isPartOf\":{\"@id\":\"https:\\\/\\\/toman.pl\\\/#website\"},\"primaryImageOfPage\":{\"@id\":\"https:\\\/\\\/toman.pl\\\/index.php\\\/2021\\\/08\\\/14\\\/akcja-poznajmysie-w-debiensku\\\/#primaryimage\"},\"image\":{\"@id\":\"https:\\\/\\\/toman.pl\\\/index.php\\\/2021\\\/08\\\/14\\\/akcja-poznajmysie-w-debiensku\\\/#primaryimage\"},\"thumbnailUrl\":\"https:\\\/\\\/toman.pl\\\/wp-content\\\/uploads\\\/2021\\\/09\\\/DSC1764-1024x681-1.jpeg\",\"datePublished\":\"2021-08-14T12:57:00+00:00\",\"dateModified\":\"2021-09-18T13:02:45+00:00\",\"author\":{\"@id\":\"https:\\\/\\\/toman.pl\\\/#\\\/schema\\\/person\\\/c51787b16a9d9c4b086af5560c337ae7\"},\"breadcrumb\":{\"@id\":\"https:\\\/\\\/toman.pl\\\/index.php\\\/2021\\\/08\\\/14\\\/akcja-poznajmysie-w-debiensku\\\/#breadcrumb\"},\"inLanguage\":\"pl-PL\",\"potentialAction\":[{\"@type\":\"ReadAction\",\"target\":[\"https:\\\/\\\/toman.pl\\\/index.php\\\/2021\\\/08\\\/14\\\/akcja-poznajmysie-w-debiensku\\\/\"]}]},{\"@type\":\"ImageObject\",\"inLanguage\":\"pl-PL\",\"@id\":\"https:\\\/\\\/toman.pl\\\/index.php\\\/2021\\\/08\\\/14\\\/akcja-poznajmysie-w-debiensku\\\/#primaryimage\",\"url\":\"https:\\\/\\\/toman.pl\\\/wp-content\\\/uploads\\\/2021\\\/09\\\/DSC1764-1024x681-1.jpeg\",\"contentUrl\":\"https:\\\/\\\/toman.pl\\\/wp-content\\\/uploads\\\/2021\\\/09\\\/DSC1764-1024x681-1.jpeg\",\"width\":1024,\"height\":681},{\"@type\":\"BreadcrumbList\",\"@id\":\"https:\\\/\\\/toman.pl\\\/index.php\\\/2021\\\/08\\\/14\\\/akcja-poznajmysie-w-debiensku\\\/#breadcrumb\",\"itemListElement\":[{\"@type\":\"ListItem\",\"position\":1,\"name\":\"Strona g\u0142\u00f3wna\",\"item\":\"https:\\\/\\\/toman.pl\\\/\"},{\"@type\":\"ListItem\",\"position\":2,\"name\":\"Akcja #poznajmySi\u0119 w D\u0119bie\u0144sku\"}]},{\"@type\":\"WebSite\",\"@id\":\"https:\\\/\\\/toman.pl\\\/#website\",\"url\":\"https:\\\/\\\/toman.pl\\\/\",\"name\":\"Micha\u0142 Toman\",\"description\":\"\",\"potentialAction\":[{\"@type\":\"SearchAction\",\"target\":{\"@type\":\"EntryPoint\",\"urlTemplate\":\"https:\\\/\\\/toman.pl\\\/?s={search_term_string}\"},\"query-input\":{\"@type\":\"PropertyValueSpecification\",\"valueRequired\":true,\"valueName\":\"search_term_string\"}}],\"inLanguage\":\"pl-PL\"},{\"@type\":\"Person\",\"@id\":\"https:\\\/\\\/toman.pl\\\/#\\\/schema\\\/person\\\/c51787b16a9d9c4b086af5560c337ae7\",\"name\":\"Micha\u0142 Toman\",\"image\":{\"@type\":\"ImageObject\",\"inLanguage\":\"pl-PL\",\"@id\":\"https:\\\/\\\/secure.gravatar.com\\\/avatar\\\/6e004dfaf54aa5af73ea52490249766d8862c0ec79843bf0d653f78635460df8?s=96&d=mm&r=g\",\"url\":\"https:\\\/\\\/secure.gravatar.com\\\/avatar\\\/6e004dfaf54aa5af73ea52490249766d8862c0ec79843bf0d653f78635460df8?s=96&d=mm&r=g\",\"contentUrl\":\"https:\\\/\\\/secure.gravatar.com\\\/avatar\\\/6e004dfaf54aa5af73ea52490249766d8862c0ec79843bf0d653f78635460df8?s=96&d=mm&r=g\",\"caption\":\"Micha\u0142 Toman\"},\"sameAs\":[\"http:\\\/\\\/tomanpa.cluster028.hosting.ovh.net\"],\"url\":\"https:\\\/\\\/toman.pl\\\/index.php\\\/author\\\/admin5877\\\/\"}]}<\/script>\n<!-- \/ Yoast SEO plugin. -->","yoast_head_json":{"title":"Akcja #poznajmySi\u0119 w D\u0119bie\u0144sku - Micha\u0142 Toman","robots":{"index":"index","follow":"follow","max-snippet":"max-snippet:-1","max-image-preview":"max-image-preview:large","max-video-preview":"max-video-preview:-1"},"canonical":"https:\/\/toman.pl\/index.php\/2021\/08\/14\/akcja-poznajmysie-w-debiensku\/","og_locale":"pl_PL","og_type":"article","og_title":"Akcja #poznajmySi\u0119 w D\u0119bie\u0144sku - Micha\u0142 Toman","og_description":"Przyjemne z po\u017cytecznym \u2013 eko-nauka przez zabaw\u0119 W sobot\u0119 (7 sierpnia 2021 r.) na terenie boiska&#46;&#46;&#46;","og_url":"https:\/\/toman.pl\/index.php\/2021\/08\/14\/akcja-poznajmysie-w-debiensku\/","og_site_name":"Micha\u0142 Toman","article_published_time":"2021-08-14T12:57:00+00:00","article_modified_time":"2021-09-18T13:02:45+00:00","og_image":[{"width":1024,"height":681,"url":"https:\/\/toman.pl\/wp-content\/uploads\/2021\/09\/DSC1764-1024x681-1.jpeg","type":"image\/jpeg"}],"author":"Micha\u0142 Toman","twitter_card":"summary_large_image","twitter_misc":{"Napisane przez":"Micha\u0142 Toman","Szacowany czas czytania":"3 minuty"},"schema":{"@context":"https:\/\/schema.org","@graph":[{"@type":"Article","@id":"https:\/\/toman.pl\/index.php\/2021\/08\/14\/akcja-poznajmysie-w-debiensku\/#article","isPartOf":{"@id":"https:\/\/toman.pl\/index.php\/2021\/08\/14\/akcja-poznajmysie-w-debiensku\/"},"author":{"name":"Micha\u0142 Toman","@id":"https:\/\/toman.pl\/#\/schema\/person\/c51787b16a9d9c4b086af5560c337ae7"},"headline":"Akcja #poznajmySi\u0119 w D\u0119bie\u0144sku","datePublished":"2021-08-14T12:57:00+00:00","dateModified":"2021-09-18T13:02:45+00:00","mainEntityOfPage":{"@id":"https:\/\/toman.pl\/index.php\/2021\/08\/14\/akcja-poznajmysie-w-debiensku\/"},"wordCount":600,"commentCount":0,"image":{"@id":"https:\/\/toman.pl\/index.php\/2021\/08\/14\/akcja-poznajmysie-w-debiensku\/#primaryimage"},"thumbnailUrl":"https:\/\/toman.pl\/wp-content\/uploads\/2021\/09\/DSC1764-1024x681-1.jpeg","keywords":["akcje","ekologia","polska2050","poznajmySi\u0119"],"articleSection":["Polska 2050 akcje"],"inLanguage":"pl-PL","potentialAction":[{"@type":"CommentAction","name":"Comment","target":["https:\/\/toman.pl\/index.php\/2021\/08\/14\/akcja-poznajmysie-w-debiensku\/#respond"]}]},{"@type":"WebPage","@id":"https:\/\/toman.pl\/index.php\/2021\/08\/14\/akcja-poznajmysie-w-debiensku\/","url":"https:\/\/toman.pl\/index.php\/2021\/08\/14\/akcja-poznajmysie-w-debiensku\/","name":"Akcja #poznajmySi\u0119 w D\u0119bie\u0144sku - Micha\u0142 Toman","isPartOf":{"@id":"https:\/\/toman.pl\/#website"},"primaryImageOfPage":{"@id":"https:\/\/toman.pl\/index.php\/2021\/08\/14\/akcja-poznajmysie-w-debiensku\/#primaryimage"},"image":{"@id":"https:\/\/toman.pl\/index.php\/2021\/08\/14\/akcja-poznajmysie-w-debiensku\/#primaryimage"},"thumbnailUrl":"https:\/\/toman.pl\/wp-content\/uploads\/2021\/09\/DSC1764-1024x681-1.jpeg","datePublished":"2021-08-14T12:57:00+00:00","dateModified":"2021-09-18T13:02:45+00:00","author":{"@id":"https:\/\/toman.pl\/#\/schema\/person\/c51787b16a9d9c4b086af5560c337ae7"},"breadcrumb":{"@id":"https:\/\/toman.pl\/index.php\/2021\/08\/14\/akcja-poznajmysie-w-debiensku\/#breadcrumb"},"inLanguage":"pl-PL","potentialAction":[{"@type":"ReadAction","target":["https:\/\/toman.pl\/index.php\/2021\/08\/14\/akcja-poznajmysie-w-debiensku\/"]}]},{"@type":"ImageObject","inLanguage":"pl-PL","@id":"https:\/\/toman.pl\/index.php\/2021\/08\/14\/akcja-poznajmysie-w-debiensku\/#primaryimage","url":"https:\/\/toman.pl\/wp-content\/uploads\/2021\/09\/DSC1764-1024x681-1.jpeg","contentUrl":"https:\/\/toman.pl\/wp-content\/uploads\/2021\/09\/DSC1764-1024x681-1.jpeg","width":1024,"height":681},{"@type":"BreadcrumbList","@id":"https:\/\/toman.pl\/index.php\/2021\/08\/14\/akcja-poznajmysie-w-debiensku\/#breadcrumb","itemListElement":[{"@type":"ListItem","position":1,"name":"Strona g\u0142\u00f3wna","item":"https:\/\/toman.pl\/"},{"@type":"ListItem","position":2,"name":"Akcja #poznajmySi\u0119 w D\u0119bie\u0144sku"}]},{"@type":"WebSite","@id":"https:\/\/toman.pl\/#website","url":"https:\/\/toman.pl\/","name":"Micha\u0142 Toman","description":"","potentialAction":[{"@type":"SearchAction","target":{"@type":"EntryPoint","urlTemplate":"https:\/\/toman.pl\/?s={search_term_string}"},"query-input":{"@type":"PropertyValueSpecification","valueRequired":true,"valueName":"search_term_string"}}],"inLanguage":"pl-PL"},{"@type":"Person","@id":"https:\/\/toman.pl\/#\/schema\/person\/c51787b16a9d9c4b086af5560c337ae7","name":"Micha\u0142 Toman","image":{"@type":"ImageObject","inLanguage":"pl-PL","@id":"https:\/\/secure.gravatar.com\/avatar\/6e004dfaf54aa5af73ea52490249766d8862c0ec79843bf0d653f78635460df8?s=96&d=mm&r=g","url":"https:\/\/secure.gravatar.com\/avatar\/6e004dfaf54aa5af73ea52490249766d8862c0ec79843bf0d653f78635460df8?s=96&d=mm&r=g","contentUrl":"https:\/\/secure.gravatar.com\/avatar\/6e004dfaf54aa5af73ea52490249766d8862c0ec79843bf0d653f78635460df8?s=96&d=mm&r=g","caption":"Micha\u0142 Toman"},"sameAs":["http:\/\/tomanpa.cluster028.hosting.ovh.net"],"url":"https:\/\/toman.pl\/index.php\/author\/admin5877\/"}]}},"_links":{"self":[{"href":"https:\/\/toman.pl\/index.php\/wp-json\/wp\/v2\/posts\/265","targetHints":{"allow":["GET"]}}],"collection":[{"href":"https:\/\/toman.pl\/index.php\/wp-json\/wp\/v2\/posts"}],"about":[{"href":"https:\/\/toman.pl\/index.php\/wp-json\/wp\/v2\/types\/post"}],"author":[{"embeddable":true,"href":"https:\/\/toman.pl\/index.php\/wp-json\/wp\/v2\/users\/1"}],"replies":[{"embeddable":true,"href":"https:\/\/toman.pl\/index.php\/wp-json\/wp\/v2\/comments?post=265"}],"version-history":[{"count":1,"href":"https:\/\/toman.pl\/index.php\/wp-json\/wp\/v2\/posts\/265\/revisions"}],"predecessor-version":[{"id":267,"href":"https:\/\/toman.pl\/index.php\/wp-json\/wp\/v2\/posts\/265\/revisions\/267"}],"wp:featuredmedia":[{"embeddable":true,"href":"https:\/\/toman.pl\/index.php\/wp-json\/wp\/v2\/media\/266"}],"wp:attachment":[{"href":"https:\/\/toman.pl\/index.php\/wp-json\/wp\/v2\/media?parent=265"}],"wp:term":[{"taxonomy":"category","embeddable":true,"href":"https:\/\/toman.pl\/index.php\/wp-json\/wp\/v2\/categories?post=265"},{"taxonomy":"post_tag","embeddable":true,"href":"https:\/\/toman.pl\/index.php\/wp-json\/wp\/v2\/tags?post=265"}],"curies":[{"name":"wp","href":"https:\/\/api.w.org\/{rel}","templated":true}]}}