{"id":160,"date":"2021-07-10T07:24:43","date_gmt":"2021-07-10T07:24:43","guid":{"rendered":"http:\/\/tomanpa.cluster028.hosting.ovh.net\/?p=160"},"modified":"2021-07-19T22:57:24","modified_gmt":"2021-07-19T22:57:24","slug":"spotkanie-polska-2050-glowny-temat-wydarzenia-ekologiczne","status":"publish","type":"post","link":"https:\/\/toman.pl\/index.php\/2021\/07\/10\/spotkanie-polska-2050-glowny-temat-wydarzenia-ekologiczne\/","title":{"rendered":"Spotkanie Polska 2050. G\u0142\u00f3wny temat: wydarzenia ekologiczne"},"content":{"rendered":"\n<p><strong>Ruch Polska 2050 zaprasza na spotkanie otwarte dla sympatyk\u00f3w i cz\u0142onk\u00f3w Ruchu w powiecie rybnickim (Polska 2050 \u015al\u0105skie \u2013 Ekipa powiat rybnicki). Spotkanie odb\u0119dzie si\u0119 ju\u017c jutro (czwartek) w Centrum Organizacji Pozarz\u0105dowych w Czerwionce-Leszczynach.<\/strong><\/p>\n\n\n\n<hr class=\"wp-block-separator\"\/>\n\n\n\n<figure class=\"wp-block-image size-large\"><img decoding=\"async\" src=\"http:\/\/htttp:\/\/www.toman.plwp-content\/uploads\/2021\/07\/213144267_331618228433988_5283660139019263771_n-1024x1024.jpg\" alt=\"\" class=\"wp-image-161\"\/><\/figure>\n\n\n\n<p><br>Jutro, tj. 08.07.2021 (czwartek) o godzinie 18:00 w Centrum Organizacji Pozarz\u0105dowych w Czerwionce-Leszczynach odb\u0119dzie si\u0119 spotkanie otwarte dla sympatyk\u00f3w i cz\u0142onk\u00f3w Ruchu Polska 2050. To dobra okazja, by zacz\u0105\u0107 dzia\u0142a\u0107 i zrobi\u0107 co\u015b dobrego.<\/p>\n\n\n\n<blockquote class=\"wp-block-quote is-layout-flow wp-block-quote-is-layout-flow\"><p>Zapraszam, je\u015bli chcesz z nami dzia\u0142a\u0107.<br>W czwartek planujemy wydarzenia ekologiczne w naszej gminie! Zapraszamy wszystkich aktualnych wolontariuszy oraz chc\u0105cych zacz\u0105\u0107 z nami dzia\u0142a\u0107<\/p><cite>zaprasza Micha\u0142 Toman, lider Ruchu Polska 2050 w powiecie rybnickim<\/cite><\/blockquote>\n","protected":false},"excerpt":{"rendered":"<p>Ruch Polska 2050 zaprasza na spotkanie otwarte dla sympatyk\u00f3w i cz\u0142onk\u00f3w Ruchu w powiecie rybnickim (Polska&#46;&#46;&#46;<\/p>\n","protected":false},"author":1,"featured_media":205,"comment_status":"open","ping_status":"open","sticky":false,"template":"","format":"standard","meta":{"footnotes":""},"categories":[5,6],"tags":[],"class_list":["post-160","post","type-post","status-publish","format-standard","has-post-thumbnail","hentry","category-pl2050","category-polska-2050-spotkania"],"yoast_head":"<!-- This site is optimized with the Yoast SEO plugin v27.5 - https:\/\/yoast.com\/product\/yoast-seo-wordpress\/ -->\n<title>Spotkanie Polska 2050. G\u0142\u00f3wny temat: wydarzenia ekologiczne - Micha\u0142 Toman<\/title>\n<meta name=\"robots\" content=\"index, follow, max-snippet:-1, max-image-preview:large, max-video-preview:-1\" \/>\n<link rel=\"canonical\" href=\"https:\/\/toman.pl\/index.php\/2021\/07\/10\/spotkanie-polska-2050-glowny-temat-wydarzenia-ekologiczne\/\" \/>\n<meta property=\"og:locale\" content=\"pl_PL\" \/>\n<meta property=\"og:type\" content=\"article\" \/>\n<meta property=\"og:title\" content=\"Spotkanie Polska 2050. G\u0142\u00f3wny temat: wydarzenia ekologiczne - Micha\u0142 Toman\" \/>\n<meta property=\"og:description\" content=\"Ruch Polska 2050 zaprasza na spotkanie otwarte dla sympatyk\u00f3w i cz\u0142onk\u00f3w Ruchu w powiecie rybnickim (Polska&#046;&#046;&#046;\" \/>\n<meta property=\"og:url\" content=\"https:\/\/toman.pl\/index.php\/2021\/07\/10\/spotkanie-polska-2050-glowny-temat-wydarzenia-ekologiczne\/\" \/>\n<meta property=\"og:site_name\" content=\"Micha\u0142 Toman\" \/>\n<meta property=\"article:published_time\" content=\"2021-07-10T07:24:43+00:00\" \/>\n<meta property=\"article:modified_time\" content=\"2021-07-19T22:57:24+00:00\" \/>\n<meta property=\"og:image\" content=\"https:\/\/toman.pl\/wp-content\/uploads\/2021\/07\/213144267_331618228433988_5283660139019263771_n.jpg\" \/>\n\t<meta property=\"og:image:width\" content=\"1440\" \/>\n\t<meta property=\"og:image:height\" content=\"1440\" \/>\n\t<meta property=\"og:image:type\" content=\"image\/jpeg\" \/>\n<meta name=\"author\" content=\"Micha\u0142 Toman\" \/>\n<meta name=\"twitter:card\" content=\"summary_large_image\" \/>\n<meta name=\"twitter:label1\" content=\"Napisane przez\" \/>\n\t<meta name=\"twitter:data1\" content=\"Micha\u0142 Toman\" \/>\n\t<meta name=\"twitter:label2\" content=\"Szacowany czas czytania\" \/>\n\t<meta name=\"twitter:data2\" content=\"1 minuta\" \/>\n<script type=\"application\/ld+json\" class=\"yoast-schema-graph\">{\"@context\":\"https:\\\/\\\/schema.org\",\"@graph\":[{\"@type\":\"Article\",\"@id\":\"https:\\\/\\\/toman.pl\\\/index.php\\\/2021\\\/07\\\/10\\\/spotkanie-polska-2050-glowny-temat-wydarzenia-ekologiczne\\\/#article\",\"isPartOf\":{\"@id\":\"https:\\\/\\\/toman.pl\\\/index.php\\\/2021\\\/07\\\/10\\\/spotkanie-polska-2050-glowny-temat-wydarzenia-ekologiczne\\\/\"},\"author\":{\"name\":\"Micha\u0142 Toman\",\"@id\":\"https:\\\/\\\/toman.pl\\\/#\\\/schema\\\/person\\\/c51787b16a9d9c4b086af5560c337ae7\"},\"headline\":\"Spotkanie Polska 2050. G\u0142\u00f3wny temat: wydarzenia ekologiczne\",\"datePublished\":\"2021-07-10T07:24:43+00:00\",\"dateModified\":\"2021-07-19T22:57:24+00:00\",\"mainEntityOfPage\":{\"@id\":\"https:\\\/\\\/toman.pl\\\/index.php\\\/2021\\\/07\\\/10\\\/spotkanie-polska-2050-glowny-temat-wydarzenia-ekologiczne\\\/\"},\"wordCount\":118,\"commentCount\":0,\"image\":{\"@id\":\"https:\\\/\\\/toman.pl\\\/index.php\\\/2021\\\/07\\\/10\\\/spotkanie-polska-2050-glowny-temat-wydarzenia-ekologiczne\\\/#primaryimage\"},\"thumbnailUrl\":\"https:\\\/\\\/toman.pl\\\/wp-content\\\/uploads\\\/2021\\\/07\\\/213144267_331618228433988_5283660139019263771_n.jpg\",\"articleSection\":[\"Polska 2050 powiat rybnicki\",\"Polska 2050 spotkania\"],\"inLanguage\":\"pl-PL\",\"potentialAction\":[{\"@type\":\"CommentAction\",\"name\":\"Comment\",\"target\":[\"https:\\\/\\\/toman.pl\\\/index.php\\\/2021\\\/07\\\/10\\\/spotkanie-polska-2050-glowny-temat-wydarzenia-ekologiczne\\\/#respond\"]}]},{\"@type\":\"WebPage\",\"@id\":\"https:\\\/\\\/toman.pl\\\/index.php\\\/2021\\\/07\\\/10\\\/spotkanie-polska-2050-glowny-temat-wydarzenia-ekologiczne\\\/\",\"url\":\"https:\\\/\\\/toman.pl\\\/index.php\\\/2021\\\/07\\\/10\\\/spotkanie-polska-2050-glowny-temat-wydarzenia-ekologiczne\\\/\",\"name\":\"Spotkanie Polska 2050. G\u0142\u00f3wny temat: wydarzenia ekologiczne - Micha\u0142 Toman\",\"isPartOf\":{\"@id\":\"https:\\\/\\\/toman.pl\\\/#website\"},\"primaryImageOfPage\":{\"@id\":\"https:\\\/\\\/toman.pl\\\/index.php\\\/2021\\\/07\\\/10\\\/spotkanie-polska-2050-glowny-temat-wydarzenia-ekologiczne\\\/#primaryimage\"},\"image\":{\"@id\":\"https:\\\/\\\/toman.pl\\\/index.php\\\/2021\\\/07\\\/10\\\/spotkanie-polska-2050-glowny-temat-wydarzenia-ekologiczne\\\/#primaryimage\"},\"thumbnailUrl\":\"https:\\\/\\\/toman.pl\\\/wp-content\\\/uploads\\\/2021\\\/07\\\/213144267_331618228433988_5283660139019263771_n.jpg\",\"datePublished\":\"2021-07-10T07:24:43+00:00\",\"dateModified\":\"2021-07-19T22:57:24+00:00\",\"author\":{\"@id\":\"https:\\\/\\\/toman.pl\\\/#\\\/schema\\\/person\\\/c51787b16a9d9c4b086af5560c337ae7\"},\"breadcrumb\":{\"@id\":\"https:\\\/\\\/toman.pl\\\/index.php\\\/2021\\\/07\\\/10\\\/spotkanie-polska-2050-glowny-temat-wydarzenia-ekologiczne\\\/#breadcrumb\"},\"inLanguage\":\"pl-PL\",\"potentialAction\":[{\"@type\":\"ReadAction\",\"target\":[\"https:\\\/\\\/toman.pl\\\/index.php\\\/2021\\\/07\\\/10\\\/spotkanie-polska-2050-glowny-temat-wydarzenia-ekologiczne\\\/\"]}]},{\"@type\":\"ImageObject\",\"inLanguage\":\"pl-PL\",\"@id\":\"https:\\\/\\\/toman.pl\\\/index.php\\\/2021\\\/07\\\/10\\\/spotkanie-polska-2050-glowny-temat-wydarzenia-ekologiczne\\\/#primaryimage\",\"url\":\"https:\\\/\\\/toman.pl\\\/wp-content\\\/uploads\\\/2021\\\/07\\\/213144267_331618228433988_5283660139019263771_n.jpg\",\"contentUrl\":\"https:\\\/\\\/toman.pl\\\/wp-content\\\/uploads\\\/2021\\\/07\\\/213144267_331618228433988_5283660139019263771_n.jpg\",\"width\":1440,\"height\":1440},{\"@type\":\"BreadcrumbList\",\"@id\":\"https:\\\/\\\/toman.pl\\\/index.php\\\/2021\\\/07\\\/10\\\/spotkanie-polska-2050-glowny-temat-wydarzenia-ekologiczne\\\/#breadcrumb\",\"itemListElement\":[{\"@type\":\"ListItem\",\"position\":1,\"name\":\"Strona g\u0142\u00f3wna\",\"item\":\"https:\\\/\\\/toman.pl\\\/\"},{\"@type\":\"ListItem\",\"position\":2,\"name\":\"Spotkanie Polska 2050. G\u0142\u00f3wny temat: wydarzenia ekologiczne\"}]},{\"@type\":\"WebSite\",\"@id\":\"https:\\\/\\\/toman.pl\\\/#website\",\"url\":\"https:\\\/\\\/toman.pl\\\/\",\"name\":\"Micha\u0142 Toman\",\"description\":\"\",\"potentialAction\":[{\"@type\":\"SearchAction\",\"target\":{\"@type\":\"EntryPoint\",\"urlTemplate\":\"https:\\\/\\\/toman.pl\\\/?s={search_term_string}\"},\"query-input\":{\"@type\":\"PropertyValueSpecification\",\"valueRequired\":true,\"valueName\":\"search_term_string\"}}],\"inLanguage\":\"pl-PL\"},{\"@type\":\"Person\",\"@id\":\"https:\\\/\\\/toman.pl\\\/#\\\/schema\\\/person\\\/c51787b16a9d9c4b086af5560c337ae7\",\"name\":\"Micha\u0142 Toman\",\"image\":{\"@type\":\"ImageObject\",\"inLanguage\":\"pl-PL\",\"@id\":\"https:\\\/\\\/secure.gravatar.com\\\/avatar\\\/6e004dfaf54aa5af73ea52490249766d8862c0ec79843bf0d653f78635460df8?s=96&d=mm&r=g\",\"url\":\"https:\\\/\\\/secure.gravatar.com\\\/avatar\\\/6e004dfaf54aa5af73ea52490249766d8862c0ec79843bf0d653f78635460df8?s=96&d=mm&r=g\",\"contentUrl\":\"https:\\\/\\\/secure.gravatar.com\\\/avatar\\\/6e004dfaf54aa5af73ea52490249766d8862c0ec79843bf0d653f78635460df8?s=96&d=mm&r=g\",\"caption\":\"Micha\u0142 Toman\"},\"sameAs\":[\"http:\\\/\\\/tomanpa.cluster028.hosting.ovh.net\"],\"url\":\"https:\\\/\\\/toman.pl\\\/index.php\\\/author\\\/admin5877\\\/\"}]}<\/script>\n<!-- \/ Yoast SEO plugin. -->","yoast_head_json":{"title":"Spotkanie Polska 2050. G\u0142\u00f3wny temat: wydarzenia ekologiczne - Micha\u0142 Toman","robots":{"index":"index","follow":"follow","max-snippet":"max-snippet:-1","max-image-preview":"max-image-preview:large","max-video-preview":"max-video-preview:-1"},"canonical":"https:\/\/toman.pl\/index.php\/2021\/07\/10\/spotkanie-polska-2050-glowny-temat-wydarzenia-ekologiczne\/","og_locale":"pl_PL","og_type":"article","og_title":"Spotkanie Polska 2050. G\u0142\u00f3wny temat: wydarzenia ekologiczne - Micha\u0142 Toman","og_description":"Ruch Polska 2050 zaprasza na spotkanie otwarte dla sympatyk\u00f3w i cz\u0142onk\u00f3w Ruchu w powiecie rybnickim (Polska&#46;&#46;&#46;","og_url":"https:\/\/toman.pl\/index.php\/2021\/07\/10\/spotkanie-polska-2050-glowny-temat-wydarzenia-ekologiczne\/","og_site_name":"Micha\u0142 Toman","article_published_time":"2021-07-10T07:24:43+00:00","article_modified_time":"2021-07-19T22:57:24+00:00","og_image":[{"width":1440,"height":1440,"url":"https:\/\/toman.pl\/wp-content\/uploads\/2021\/07\/213144267_331618228433988_5283660139019263771_n.jpg","type":"image\/jpeg"}],"author":"Micha\u0142 Toman","twitter_card":"summary_large_image","twitter_misc":{"Napisane przez":"Micha\u0142 Toman","Szacowany czas czytania":"1 minuta"},"schema":{"@context":"https:\/\/schema.org","@graph":[{"@type":"Article","@id":"https:\/\/toman.pl\/index.php\/2021\/07\/10\/spotkanie-polska-2050-glowny-temat-wydarzenia-ekologiczne\/#article","isPartOf":{"@id":"https:\/\/toman.pl\/index.php\/2021\/07\/10\/spotkanie-polska-2050-glowny-temat-wydarzenia-ekologiczne\/"},"author":{"name":"Micha\u0142 Toman","@id":"https:\/\/toman.pl\/#\/schema\/person\/c51787b16a9d9c4b086af5560c337ae7"},"headline":"Spotkanie Polska 2050. G\u0142\u00f3wny temat: wydarzenia ekologiczne","datePublished":"2021-07-10T07:24:43+00:00","dateModified":"2021-07-19T22:57:24+00:00","mainEntityOfPage":{"@id":"https:\/\/toman.pl\/index.php\/2021\/07\/10\/spotkanie-polska-2050-glowny-temat-wydarzenia-ekologiczne\/"},"wordCount":118,"commentCount":0,"image":{"@id":"https:\/\/toman.pl\/index.php\/2021\/07\/10\/spotkanie-polska-2050-glowny-temat-wydarzenia-ekologiczne\/#primaryimage"},"thumbnailUrl":"https:\/\/toman.pl\/wp-content\/uploads\/2021\/07\/213144267_331618228433988_5283660139019263771_n.jpg","articleSection":["Polska 2050 powiat rybnicki","Polska 2050 spotkania"],"inLanguage":"pl-PL","potentialAction":[{"@type":"CommentAction","name":"Comment","target":["https:\/\/toman.pl\/index.php\/2021\/07\/10\/spotkanie-polska-2050-glowny-temat-wydarzenia-ekologiczne\/#respond"]}]},{"@type":"WebPage","@id":"https:\/\/toman.pl\/index.php\/2021\/07\/10\/spotkanie-polska-2050-glowny-temat-wydarzenia-ekologiczne\/","url":"https:\/\/toman.pl\/index.php\/2021\/07\/10\/spotkanie-polska-2050-glowny-temat-wydarzenia-ekologiczne\/","name":"Spotkanie Polska 2050. G\u0142\u00f3wny temat: wydarzenia ekologiczne - Micha\u0142 Toman","isPartOf":{"@id":"https:\/\/toman.pl\/#website"},"primaryImageOfPage":{"@id":"https:\/\/toman.pl\/index.php\/2021\/07\/10\/spotkanie-polska-2050-glowny-temat-wydarzenia-ekologiczne\/#primaryimage"},"image":{"@id":"https:\/\/toman.pl\/index.php\/2021\/07\/10\/spotkanie-polska-2050-glowny-temat-wydarzenia-ekologiczne\/#primaryimage"},"thumbnailUrl":"https:\/\/toman.pl\/wp-content\/uploads\/2021\/07\/213144267_331618228433988_5283660139019263771_n.jpg","datePublished":"2021-07-10T07:24:43+00:00","dateModified":"2021-07-19T22:57:24+00:00","author":{"@id":"https:\/\/toman.pl\/#\/schema\/person\/c51787b16a9d9c4b086af5560c337ae7"},"breadcrumb":{"@id":"https:\/\/toman.pl\/index.php\/2021\/07\/10\/spotkanie-polska-2050-glowny-temat-wydarzenia-ekologiczne\/#breadcrumb"},"inLanguage":"pl-PL","potentialAction":[{"@type":"ReadAction","target":["https:\/\/toman.pl\/index.php\/2021\/07\/10\/spotkanie-polska-2050-glowny-temat-wydarzenia-ekologiczne\/"]}]},{"@type":"ImageObject","inLanguage":"pl-PL","@id":"https:\/\/toman.pl\/index.php\/2021\/07\/10\/spotkanie-polska-2050-glowny-temat-wydarzenia-ekologiczne\/#primaryimage","url":"https:\/\/toman.pl\/wp-content\/uploads\/2021\/07\/213144267_331618228433988_5283660139019263771_n.jpg","contentUrl":"https:\/\/toman.pl\/wp-content\/uploads\/2021\/07\/213144267_331618228433988_5283660139019263771_n.jpg","width":1440,"height":1440},{"@type":"BreadcrumbList","@id":"https:\/\/toman.pl\/index.php\/2021\/07\/10\/spotkanie-polska-2050-glowny-temat-wydarzenia-ekologiczne\/#breadcrumb","itemListElement":[{"@type":"ListItem","position":1,"name":"Strona g\u0142\u00f3wna","item":"https:\/\/toman.pl\/"},{"@type":"ListItem","position":2,"name":"Spotkanie Polska 2050. G\u0142\u00f3wny temat: wydarzenia ekologiczne"}]},{"@type":"WebSite","@id":"https:\/\/toman.pl\/#website","url":"https:\/\/toman.pl\/","name":"Micha\u0142 Toman","description":"","potentialAction":[{"@type":"SearchAction","target":{"@type":"EntryPoint","urlTemplate":"https:\/\/toman.pl\/?s={search_term_string}"},"query-input":{"@type":"PropertyValueSpecification","valueRequired":true,"valueName":"search_term_string"}}],"inLanguage":"pl-PL"},{"@type":"Person","@id":"https:\/\/toman.pl\/#\/schema\/person\/c51787b16a9d9c4b086af5560c337ae7","name":"Micha\u0142 Toman","image":{"@type":"ImageObject","inLanguage":"pl-PL","@id":"https:\/\/secure.gravatar.com\/avatar\/6e004dfaf54aa5af73ea52490249766d8862c0ec79843bf0d653f78635460df8?s=96&d=mm&r=g","url":"https:\/\/secure.gravatar.com\/avatar\/6e004dfaf54aa5af73ea52490249766d8862c0ec79843bf0d653f78635460df8?s=96&d=mm&r=g","contentUrl":"https:\/\/secure.gravatar.com\/avatar\/6e004dfaf54aa5af73ea52490249766d8862c0ec79843bf0d653f78635460df8?s=96&d=mm&r=g","caption":"Micha\u0142 Toman"},"sameAs":["http:\/\/tomanpa.cluster028.hosting.ovh.net"],"url":"https:\/\/toman.pl\/index.php\/author\/admin5877\/"}]}},"_links":{"self":[{"href":"https:\/\/toman.pl\/index.php\/wp-json\/wp\/v2\/posts\/160","targetHints":{"allow":["GET"]}}],"collection":[{"href":"https:\/\/toman.pl\/index.php\/wp-json\/wp\/v2\/posts"}],"about":[{"href":"https:\/\/toman.pl\/index.php\/wp-json\/wp\/v2\/types\/post"}],"author":[{"embeddable":true,"href":"https:\/\/toman.pl\/index.php\/wp-json\/wp\/v2\/users\/1"}],"replies":[{"embeddable":true,"href":"https:\/\/toman.pl\/index.php\/wp-json\/wp\/v2\/comments?post=160"}],"version-history":[{"count":2,"href":"https:\/\/toman.pl\/index.php\/wp-json\/wp\/v2\/posts\/160\/revisions"}],"predecessor-version":[{"id":206,"href":"https:\/\/toman.pl\/index.php\/wp-json\/wp\/v2\/posts\/160\/revisions\/206"}],"wp:featuredmedia":[{"embeddable":true,"href":"https:\/\/toman.pl\/index.php\/wp-json\/wp\/v2\/media\/205"}],"wp:attachment":[{"href":"https:\/\/toman.pl\/index.php\/wp-json\/wp\/v2\/media?parent=160"}],"wp:term":[{"taxonomy":"category","embeddable":true,"href":"https:\/\/toman.pl\/index.php\/wp-json\/wp\/v2\/categories?post=160"},{"taxonomy":"post_tag","embeddable":true,"href":"https:\/\/toman.pl\/index.php\/wp-json\/wp\/v2\/tags?post=160"}],"curies":[{"name":"wp","href":"https:\/\/api.w.org\/{rel}","templated":true}]}}