{"id":153,"date":"2021-04-24T07:18:00","date_gmt":"2021-04-24T07:18:00","guid":{"rendered":"http:\/\/tomanpa.cluster028.hosting.ovh.net\/?p=153"},"modified":"2021-07-19T23:00:40","modified_gmt":"2021-07-19T23:00:40","slug":"sprzatanie-tamy-tylko-po-co","status":"publish","type":"post","link":"https:\/\/toman.pl\/index.php\/2021\/04\/24\/sprzatanie-tamy-tylko-po-co\/","title":{"rendered":"Sprz\u0105tanie \u201eTamy\u201d: Tylko po co?"},"content":{"rendered":"\n<p><strong>Dzie\u0144 ziemi i co po nim? Czy powinni\u015bmy si\u0119 podda\u0107 w walce o czyst\u0105 planet\u0119, bo system nie daje rady? O tym pisze koordynator niedzielnej akcji Sprz\u0105tanie \u201eTamy\u201d w Czerwionce-Leszczynach- Micha\u0142 Toman.<\/strong><\/p>\n\n\n\n<hr class=\"wp-block-separator\"\/>\n\n\n\n<p><em>Artyku\u0142 powsta\u0142 dla portalu obywatelskiego <a href=\"http:\/\/www.lokalsi.net\">lokalsi.net<\/a><\/em><\/p>\n\n\n\n<h4 class=\"wp-block-heading\">Posprz\u0105tali\u015bmy \u201eTam\u0119\u201d<\/h4>\n\n\n\n<p>Dwa dni temu mieli\u015bmy \u015bwiatowy Dzie\u0144 Ziemi. Portale przepe\u0142nione by\u0142y artyku\u0142ami, FB postami o tym, by\u015bmy dbali o ziemi\u0119. R\u00f3wnie\u017c na sesji Rady Miejskiej pojawi\u0142 si\u0119 temat dba\u0142o\u015bci o \u015brodowisko, g\u0142\u00f3wnie poprzez zorganizowan\u0105 akcj\u0119 <a href=\"https:\/\/lokalsi.net\/posprzatali-tame\/\">sprz\u0105tania Tamy<\/a>, kt\u00f3r\u0105 zorganizowali\u015bmy jako <strong>Stowarzyszenie Polska 2050<\/strong>.<\/p>\n\n\n\n<p>Akcja odby\u0142a si\u0119 w niedziel\u0119 18.04 i wzi\u0119li w niej udzia\u0142 cz\u0142onkowie i wolontariusze Stowarzyszenia. Pozytywnie zareagowa\u0142y r\u00f3wnie\u017c <strong>Stowarzyszenie Aktywni Spo\u0142ecznie i Luxtorpeda<\/strong>, kt\u00f3rych przedstawiciele pojawili si\u0119 na akcji. \u0141\u0105cznie w dwie godziny zebrali\u015bmy na skarpie od strony blok\u00f3w a\u017c <strong>124 worki \u015bmieci o pojemno\u015bci 60 litr\u00f3w<\/strong>. Ilo\u015b\u0107 zebranych \u015bmieci nie pojawi\u0142a si\u0119 chyba na \u017cadnym tego typu ekospacerze organizowanym w naszym wojew\u00f3dztwie.<\/p>\n\n\n\n<p>I nie ma si\u0119 z czego cieszy\u0107, bo nikt w naszej gminie nie jest dumny z tego wyniku. Niestety, doprowadzili\u015bmy do tego my mieszka\u0144cy wyrzucaniem tam \u015bmieci, brakiem reakcji w stosunku do tych, kt\u00f3rzy to robi\u0105, brakiem wsparcia tych, kt\u00f3rzy w niedziel\u0119 ten teren postanowili posprz\u0105ta\u0107.<\/p>\n\n\n\n<p>Bo by\u0142o i tak, \u017ce pr\u00f3bowano mnie zniech\u0119ca\u0107 jako lidera grupy, kt\u00f3ra postanowi\u0142a zorganizowa\u0107 akcj\u0119 Sprz\u0105tanie \u201eTamy\u201d. Robiono problemy z odbiorem \u015bmieci. Przekonywano, \u017ce jest to niebezpieczna akcja. Pokalecz\u0105 si\u0119 dzieci i doro\u015bli, a tak w\u0142a\u015bciwie to po co to robi\u0107, jak to inni \u015bmiec\u0105.<\/p>\n\n\n\n<h4 class=\"wp-block-heading\">Wielcy te\u017c sprz\u0105taj\u0105?<\/h4>\n\n\n\n<p>Z ca\u0142ej naszej akcji jestem dumny. Posprz\u0105tali\u015bmy teren, kt\u00f3rych wszystkich rozpala\u0142 na FB do czerwono\u015bci. My jednak wzi\u0119li\u015bmy sprawy w swoje r\u0119ce. S\u0105 jednak rzeczy, kt\u00f3re potrafi\u0105 zastanowi\u0107. Jedn\u0105 z nich jest wyzwanie rzucone przez koncern Coca-Cola. Ma ono na celu zach\u0119cenie w\u0142a\u015bnie do sprz\u0105tania swojej okolicy. Niby to samo, ale gdy si\u0119 d\u0142u\u017cej zastanowimy\u2026<\/p>\n\n\n\n<div class=\"wp-block-image\"><figure class=\"aligncenter\"><img decoding=\"async\" src=\"https:\/\/lokalsi.net\/wp-content\/uploads\/2021\/04\/176499697_1177047626070600_5442630485398603103_n.png\" alt=\"\" class=\"wp-image-9730\"\/><\/figure><\/div>\n\n\n\n<p>Czy to moralne, \u017ce do takich akcji namawia nas jeden z najwi\u0119kszych \u201e\u015bmieciarzy\u201d naszej planety? Organizacja Break Free From Plastic przeprowadzi\u0142a niezale\u017cn\u0105 kontrol\u0119, kt\u00f3rej celem by\u0142o skatalogowanie plastiku zalegaj\u0105cego w r\u00f3\u017cnych cz\u0119\u015bciach \u015bwiata. Drugi rok z rz\u0119du, tytu\u0142 najbardziej zanieczyszczaj\u0105cej marki w globalnym audycie odpad\u00f3w uzyska\u0142a Coca-Cola. Owszem \u2013 prawd\u0105 jest, \u017ce to konsumenci wyrzucaj\u0105 produkty, kt\u00f3re nabywaj\u0105, a nie koncern.<\/p>\n\n\n\n<p>Tylko diabe\u0142 tkwi w szczeg\u00f3\u0142ach. To w\u0142a\u015bnie ten i podobne koncerny od lat bezmy\u015blnie wprowadzaj\u0105 na rynek tony jednorazowego plastiku. Od lat nie wprowadzaj\u0105 kaucji na swoje opakowania. I co wa\u017cniejsze, oponuj\u0105 w wielu krajach przeciwko wprowadzaniu skutecznego systemu ROP.<\/p>\n\n\n\n<h4 class=\"wp-block-heading\">ROP? A co to takiego?<\/h4>\n\n\n\n<p>Jest to skr\u00f3t od Rozszerzonej Odpowiedzialno\u015bci Producenta. Chodzi o to, by to producent wsp\u00f3\u0142dzieli\u0142 koszty selekcji, recyklingu i utylizacji odpad\u00f3w, kt\u00f3re powsta\u0142y z jego produktu. Wymaga od nas tego dyrektywa unijna, na kt\u00f3rej wdro\u017cenie termin min\u0105\u0142<strong> 5 lipca 2020 roku<\/strong>! Prawo to ma przenie\u015b\u0107 na producent\u00f3w koszty zagospodarowania odpadami za frakcj\u0119 \u017c\u00f3\u0142t\u0105, niebiesk\u0105 i zielon\u0105. Op\u0142aty mia\u0142yby trafi\u0107 w cz\u0119\u015bci do gmin, by odci\u0105\u017cy\u0107 systemy, kt\u00f3re ju\u017c maj\u0105. W praktyce na zachodzie gminy odpowiadaj\u0105 za odbi\u00f3r i zagospodarowani frakcji br\u0105zowej (bio) i czarnej (zmieszane). System ten ma wymusza\u0107 r\u00f3wnie\u017c do wprowadzania opakowa\u0144 \u0142atwo poddaj\u0105cych si\u0119 recyklingowi. W systemie najwi\u0119cej op\u0142aty p\u0142aci\u0142oby si\u0119 za tetrpacki (mleko, soki) czy opakowania, w kt\u00f3rych nie do\u015b\u0107, \u017ce mamy plastik to jeszcze \u0142\u0105czymy go z papierem, czy innym tworzywami.<br>Jak poda\u0142o<a href=\"https:\/\/www.facebook.com\/PolskieStowarzyszenieZeroWaste\"> Polskie Stowarzyszenie Zero Waste<\/a> w Polsce op\u0142ata za wprowadzenie tony plastiku na rynek wynosi 5 euro (europejskie stawki wahaj\u0105 si\u0119 od kilkudziesi\u0119ciu do nawet 630 euro). Od lat samorz\u0105dy naciskaj\u0105 na rz\u0105dz\u0105cych na uregulowanie tej kwestii. Dlaczego wci\u0105\u017c nasze w\u0142adze zwlekaj\u0105 i zmuszaj\u0105 samorz\u0105dy do podnoszenia stawek dla mieszka\u0144c\u00f3w? Mo\u017cemy si\u0119 tylko domy\u015ble\u0107.<\/p>\n\n\n\n<h4 class=\"wp-block-heading\">Bez rozwi\u0105za\u0144 systemowych nie wygramy!<\/h4>\n\n\n\n<p>Wszelkie akcje jak sprz\u0105tanie \u201eTamy\u201d, edukacja czy idea zero waste s\u0105 niezwykle istotne w tym szalonym konsumpcyjnym \u015bwiecie. Po to, by pokaza\u0107, \u017ce musimy si\u0119 zatrzyma\u0107. Jest \u017ale, co wida\u0107 na terenach naszych miejscowo\u015bci. Niestety, o ile nasze postawy s\u0105 niezwykle wa\u017cne, o tyle nie b\u0119d\u0105 mie\u0107 znaczenia, je\u015bli nie zmienimy systemu. My\u015bl\u0119 tutaj o systemie centralnym, proponowanym ustawami. Proponowanym r\u00f3wnie\u017c brakiem wprowadzenia ROP.<\/p>\n\n\n\n<p>Wa\u017cna jest tak\u017ce zmiana systemu na poziomie gmin. Nie mo\u017cemy mie\u0107 postaw, kt\u00f3re zaprezentowa\u0142 na ostatniej sesji Burmistrz Janiszewski przekonuj\u0105c, \u017ce gmina nie mo\u017ce nic zrobi\u0107 z za\u015bmieconym terenem, bo nie nale\u017cy do niej, tylko Skarbu Pa\u0144stwa. Nie mo\u017cna zostawia\u0107 mieszka\u0144c\u00f3w, kt\u00f3rzy sprz\u0105taj\u0105 za gmin\u0119 samych sobie i umywa\u0107 r\u0119ce. Te \u015bmieci rozrzucili mieszka\u0144cy. Z tego terenu korzystaj\u0105 r\u00f3wnie\u017c mieszka\u0144cy- g\u0142\u00f3wnie Ci, kt\u00f3rzy nie \u015bmiec\u0105 i p\u0142ac\u0105 stawki. Chcemy p\u0142ac\u0105c ju\u017c 29,5z\u0142\/os \u017cy\u0107 w mie\u015bcie czystym. Nie chcemy s\u0142ucha\u0107, \u017ce ten papierek le\u017cy 2 metry, nie po w\u0142a\u015bciwej stronie.<\/p>\n\n\n\n<p>System i obywatel musz\u0105 gra\u0107 w jednej dru\u017cynie. Inaczej przegraj\u0105 nast\u0119pne pokolenia.<\/p>\n","protected":false},"excerpt":{"rendered":"<p>Dzie\u0144 ziemi i co po nim? Czy powinni\u015bmy si\u0119 podda\u0107 w walce o czyst\u0105 planet\u0119, bo&#46;&#46;&#46;<\/p>\n","protected":false},"author":1,"featured_media":211,"comment_status":"open","ping_status":"open","sticky":false,"template":"","format":"standard","meta":{"footnotes":""},"categories":[3],"tags":[],"class_list":["post-153","post","type-post","status-publish","format-standard","has-post-thumbnail","hentry","category-opinie"],"yoast_head":"<!-- This site is optimized with the Yoast SEO plugin v27.5 - https:\/\/yoast.com\/product\/yoast-seo-wordpress\/ -->\n<title>Sprz\u0105tanie \u201eTamy\u201d: Tylko po co? - Micha\u0142 Toman<\/title>\n<meta name=\"robots\" content=\"index, follow, max-snippet:-1, max-image-preview:large, max-video-preview:-1\" \/>\n<link rel=\"canonical\" href=\"https:\/\/toman.pl\/index.php\/2021\/04\/24\/sprzatanie-tamy-tylko-po-co\/\" \/>\n<meta property=\"og:locale\" content=\"pl_PL\" \/>\n<meta property=\"og:type\" content=\"article\" \/>\n<meta property=\"og:title\" content=\"Sprz\u0105tanie \u201eTamy\u201d: Tylko po co? - Micha\u0142 Toman\" \/>\n<meta property=\"og:description\" content=\"Dzie\u0144 ziemi i co po nim? Czy powinni\u015bmy si\u0119 podda\u0107 w walce o czyst\u0105 planet\u0119, bo&#046;&#046;&#046;\" \/>\n<meta property=\"og:url\" content=\"https:\/\/toman.pl\/index.php\/2021\/04\/24\/sprzatanie-tamy-tylko-po-co\/\" \/>\n<meta property=\"og:site_name\" content=\"Micha\u0142 Toman\" \/>\n<meta property=\"article:published_time\" content=\"2021-04-24T07:18:00+00:00\" \/>\n<meta property=\"article:modified_time\" content=\"2021-07-19T23:00:40+00:00\" \/>\n<meta property=\"og:image\" content=\"https:\/\/toman.pl\/wp-content\/uploads\/2021\/04\/175557552_154374069849126_1524026957668344077_n-1536x1152-1.jpg\" \/>\n\t<meta property=\"og:image:width\" content=\"1536\" \/>\n\t<meta property=\"og:image:height\" content=\"1152\" \/>\n\t<meta property=\"og:image:type\" content=\"image\/jpeg\" \/>\n<meta name=\"author\" content=\"Micha\u0142 Toman\" \/>\n<meta name=\"twitter:card\" content=\"summary_large_image\" \/>\n<meta name=\"twitter:label1\" content=\"Napisane przez\" \/>\n\t<meta name=\"twitter:data1\" content=\"Micha\u0142 Toman\" \/>\n\t<meta name=\"twitter:label2\" content=\"Szacowany czas czytania\" \/>\n\t<meta name=\"twitter:data2\" content=\"4 minuty\" \/>\n<script type=\"application\/ld+json\" class=\"yoast-schema-graph\">{\"@context\":\"https:\\\/\\\/schema.org\",\"@graph\":[{\"@type\":\"Article\",\"@id\":\"https:\\\/\\\/toman.pl\\\/index.php\\\/2021\\\/04\\\/24\\\/sprzatanie-tamy-tylko-po-co\\\/#article\",\"isPartOf\":{\"@id\":\"https:\\\/\\\/toman.pl\\\/index.php\\\/2021\\\/04\\\/24\\\/sprzatanie-tamy-tylko-po-co\\\/\"},\"author\":{\"name\":\"Micha\u0142 Toman\",\"@id\":\"https:\\\/\\\/toman.pl\\\/#\\\/schema\\\/person\\\/c51787b16a9d9c4b086af5560c337ae7\"},\"headline\":\"Sprz\u0105tanie \u201eTamy\u201d: Tylko po co?\",\"datePublished\":\"2021-04-24T07:18:00+00:00\",\"dateModified\":\"2021-07-19T23:00:40+00:00\",\"mainEntityOfPage\":{\"@id\":\"https:\\\/\\\/toman.pl\\\/index.php\\\/2021\\\/04\\\/24\\\/sprzatanie-tamy-tylko-po-co\\\/\"},\"wordCount\":897,\"commentCount\":0,\"image\":{\"@id\":\"https:\\\/\\\/toman.pl\\\/index.php\\\/2021\\\/04\\\/24\\\/sprzatanie-tamy-tylko-po-co\\\/#primaryimage\"},\"thumbnailUrl\":\"https:\\\/\\\/toman.pl\\\/wp-content\\\/uploads\\\/2021\\\/04\\\/175557552_154374069849126_1524026957668344077_n-1536x1152-1.jpg\",\"articleSection\":[\"Opinie\"],\"inLanguage\":\"pl-PL\",\"potentialAction\":[{\"@type\":\"CommentAction\",\"name\":\"Comment\",\"target\":[\"https:\\\/\\\/toman.pl\\\/index.php\\\/2021\\\/04\\\/24\\\/sprzatanie-tamy-tylko-po-co\\\/#respond\"]}]},{\"@type\":\"WebPage\",\"@id\":\"https:\\\/\\\/toman.pl\\\/index.php\\\/2021\\\/04\\\/24\\\/sprzatanie-tamy-tylko-po-co\\\/\",\"url\":\"https:\\\/\\\/toman.pl\\\/index.php\\\/2021\\\/04\\\/24\\\/sprzatanie-tamy-tylko-po-co\\\/\",\"name\":\"Sprz\u0105tanie \u201eTamy\u201d: Tylko po co? - Micha\u0142 Toman\",\"isPartOf\":{\"@id\":\"https:\\\/\\\/toman.pl\\\/#website\"},\"primaryImageOfPage\":{\"@id\":\"https:\\\/\\\/toman.pl\\\/index.php\\\/2021\\\/04\\\/24\\\/sprzatanie-tamy-tylko-po-co\\\/#primaryimage\"},\"image\":{\"@id\":\"https:\\\/\\\/toman.pl\\\/index.php\\\/2021\\\/04\\\/24\\\/sprzatanie-tamy-tylko-po-co\\\/#primaryimage\"},\"thumbnailUrl\":\"https:\\\/\\\/toman.pl\\\/wp-content\\\/uploads\\\/2021\\\/04\\\/175557552_154374069849126_1524026957668344077_n-1536x1152-1.jpg\",\"datePublished\":\"2021-04-24T07:18:00+00:00\",\"dateModified\":\"2021-07-19T23:00:40+00:00\",\"author\":{\"@id\":\"https:\\\/\\\/toman.pl\\\/#\\\/schema\\\/person\\\/c51787b16a9d9c4b086af5560c337ae7\"},\"breadcrumb\":{\"@id\":\"https:\\\/\\\/toman.pl\\\/index.php\\\/2021\\\/04\\\/24\\\/sprzatanie-tamy-tylko-po-co\\\/#breadcrumb\"},\"inLanguage\":\"pl-PL\",\"potentialAction\":[{\"@type\":\"ReadAction\",\"target\":[\"https:\\\/\\\/toman.pl\\\/index.php\\\/2021\\\/04\\\/24\\\/sprzatanie-tamy-tylko-po-co\\\/\"]}]},{\"@type\":\"ImageObject\",\"inLanguage\":\"pl-PL\",\"@id\":\"https:\\\/\\\/toman.pl\\\/index.php\\\/2021\\\/04\\\/24\\\/sprzatanie-tamy-tylko-po-co\\\/#primaryimage\",\"url\":\"https:\\\/\\\/toman.pl\\\/wp-content\\\/uploads\\\/2021\\\/04\\\/175557552_154374069849126_1524026957668344077_n-1536x1152-1.jpg\",\"contentUrl\":\"https:\\\/\\\/toman.pl\\\/wp-content\\\/uploads\\\/2021\\\/04\\\/175557552_154374069849126_1524026957668344077_n-1536x1152-1.jpg\",\"width\":1536,\"height\":1152},{\"@type\":\"BreadcrumbList\",\"@id\":\"https:\\\/\\\/toman.pl\\\/index.php\\\/2021\\\/04\\\/24\\\/sprzatanie-tamy-tylko-po-co\\\/#breadcrumb\",\"itemListElement\":[{\"@type\":\"ListItem\",\"position\":1,\"name\":\"Strona g\u0142\u00f3wna\",\"item\":\"https:\\\/\\\/toman.pl\\\/\"},{\"@type\":\"ListItem\",\"position\":2,\"name\":\"Sprz\u0105tanie \u201eTamy\u201d: Tylko po co?\"}]},{\"@type\":\"WebSite\",\"@id\":\"https:\\\/\\\/toman.pl\\\/#website\",\"url\":\"https:\\\/\\\/toman.pl\\\/\",\"name\":\"Micha\u0142 Toman\",\"description\":\"\",\"potentialAction\":[{\"@type\":\"SearchAction\",\"target\":{\"@type\":\"EntryPoint\",\"urlTemplate\":\"https:\\\/\\\/toman.pl\\\/?s={search_term_string}\"},\"query-input\":{\"@type\":\"PropertyValueSpecification\",\"valueRequired\":true,\"valueName\":\"search_term_string\"}}],\"inLanguage\":\"pl-PL\"},{\"@type\":\"Person\",\"@id\":\"https:\\\/\\\/toman.pl\\\/#\\\/schema\\\/person\\\/c51787b16a9d9c4b086af5560c337ae7\",\"name\":\"Micha\u0142 Toman\",\"image\":{\"@type\":\"ImageObject\",\"inLanguage\":\"pl-PL\",\"@id\":\"https:\\\/\\\/secure.gravatar.com\\\/avatar\\\/6e004dfaf54aa5af73ea52490249766d8862c0ec79843bf0d653f78635460df8?s=96&d=mm&r=g\",\"url\":\"https:\\\/\\\/secure.gravatar.com\\\/avatar\\\/6e004dfaf54aa5af73ea52490249766d8862c0ec79843bf0d653f78635460df8?s=96&d=mm&r=g\",\"contentUrl\":\"https:\\\/\\\/secure.gravatar.com\\\/avatar\\\/6e004dfaf54aa5af73ea52490249766d8862c0ec79843bf0d653f78635460df8?s=96&d=mm&r=g\",\"caption\":\"Micha\u0142 Toman\"},\"sameAs\":[\"http:\\\/\\\/tomanpa.cluster028.hosting.ovh.net\"],\"url\":\"https:\\\/\\\/toman.pl\\\/index.php\\\/author\\\/admin5877\\\/\"}]}<\/script>\n<!-- \/ Yoast SEO plugin. -->","yoast_head_json":{"title":"Sprz\u0105tanie \u201eTamy\u201d: Tylko po co? - Micha\u0142 Toman","robots":{"index":"index","follow":"follow","max-snippet":"max-snippet:-1","max-image-preview":"max-image-preview:large","max-video-preview":"max-video-preview:-1"},"canonical":"https:\/\/toman.pl\/index.php\/2021\/04\/24\/sprzatanie-tamy-tylko-po-co\/","og_locale":"pl_PL","og_type":"article","og_title":"Sprz\u0105tanie \u201eTamy\u201d: Tylko po co? - Micha\u0142 Toman","og_description":"Dzie\u0144 ziemi i co po nim? Czy powinni\u015bmy si\u0119 podda\u0107 w walce o czyst\u0105 planet\u0119, bo&#46;&#46;&#46;","og_url":"https:\/\/toman.pl\/index.php\/2021\/04\/24\/sprzatanie-tamy-tylko-po-co\/","og_site_name":"Micha\u0142 Toman","article_published_time":"2021-04-24T07:18:00+00:00","article_modified_time":"2021-07-19T23:00:40+00:00","og_image":[{"width":1536,"height":1152,"url":"https:\/\/toman.pl\/wp-content\/uploads\/2021\/04\/175557552_154374069849126_1524026957668344077_n-1536x1152-1.jpg","type":"image\/jpeg"}],"author":"Micha\u0142 Toman","twitter_card":"summary_large_image","twitter_misc":{"Napisane przez":"Micha\u0142 Toman","Szacowany czas czytania":"4 minuty"},"schema":{"@context":"https:\/\/schema.org","@graph":[{"@type":"Article","@id":"https:\/\/toman.pl\/index.php\/2021\/04\/24\/sprzatanie-tamy-tylko-po-co\/#article","isPartOf":{"@id":"https:\/\/toman.pl\/index.php\/2021\/04\/24\/sprzatanie-tamy-tylko-po-co\/"},"author":{"name":"Micha\u0142 Toman","@id":"https:\/\/toman.pl\/#\/schema\/person\/c51787b16a9d9c4b086af5560c337ae7"},"headline":"Sprz\u0105tanie \u201eTamy\u201d: Tylko po co?","datePublished":"2021-04-24T07:18:00+00:00","dateModified":"2021-07-19T23:00:40+00:00","mainEntityOfPage":{"@id":"https:\/\/toman.pl\/index.php\/2021\/04\/24\/sprzatanie-tamy-tylko-po-co\/"},"wordCount":897,"commentCount":0,"image":{"@id":"https:\/\/toman.pl\/index.php\/2021\/04\/24\/sprzatanie-tamy-tylko-po-co\/#primaryimage"},"thumbnailUrl":"https:\/\/toman.pl\/wp-content\/uploads\/2021\/04\/175557552_154374069849126_1524026957668344077_n-1536x1152-1.jpg","articleSection":["Opinie"],"inLanguage":"pl-PL","potentialAction":[{"@type":"CommentAction","name":"Comment","target":["https:\/\/toman.pl\/index.php\/2021\/04\/24\/sprzatanie-tamy-tylko-po-co\/#respond"]}]},{"@type":"WebPage","@id":"https:\/\/toman.pl\/index.php\/2021\/04\/24\/sprzatanie-tamy-tylko-po-co\/","url":"https:\/\/toman.pl\/index.php\/2021\/04\/24\/sprzatanie-tamy-tylko-po-co\/","name":"Sprz\u0105tanie \u201eTamy\u201d: Tylko po co? - Micha\u0142 Toman","isPartOf":{"@id":"https:\/\/toman.pl\/#website"},"primaryImageOfPage":{"@id":"https:\/\/toman.pl\/index.php\/2021\/04\/24\/sprzatanie-tamy-tylko-po-co\/#primaryimage"},"image":{"@id":"https:\/\/toman.pl\/index.php\/2021\/04\/24\/sprzatanie-tamy-tylko-po-co\/#primaryimage"},"thumbnailUrl":"https:\/\/toman.pl\/wp-content\/uploads\/2021\/04\/175557552_154374069849126_1524026957668344077_n-1536x1152-1.jpg","datePublished":"2021-04-24T07:18:00+00:00","dateModified":"2021-07-19T23:00:40+00:00","author":{"@id":"https:\/\/toman.pl\/#\/schema\/person\/c51787b16a9d9c4b086af5560c337ae7"},"breadcrumb":{"@id":"https:\/\/toman.pl\/index.php\/2021\/04\/24\/sprzatanie-tamy-tylko-po-co\/#breadcrumb"},"inLanguage":"pl-PL","potentialAction":[{"@type":"ReadAction","target":["https:\/\/toman.pl\/index.php\/2021\/04\/24\/sprzatanie-tamy-tylko-po-co\/"]}]},{"@type":"ImageObject","inLanguage":"pl-PL","@id":"https:\/\/toman.pl\/index.php\/2021\/04\/24\/sprzatanie-tamy-tylko-po-co\/#primaryimage","url":"https:\/\/toman.pl\/wp-content\/uploads\/2021\/04\/175557552_154374069849126_1524026957668344077_n-1536x1152-1.jpg","contentUrl":"https:\/\/toman.pl\/wp-content\/uploads\/2021\/04\/175557552_154374069849126_1524026957668344077_n-1536x1152-1.jpg","width":1536,"height":1152},{"@type":"BreadcrumbList","@id":"https:\/\/toman.pl\/index.php\/2021\/04\/24\/sprzatanie-tamy-tylko-po-co\/#breadcrumb","itemListElement":[{"@type":"ListItem","position":1,"name":"Strona g\u0142\u00f3wna","item":"https:\/\/toman.pl\/"},{"@type":"ListItem","position":2,"name":"Sprz\u0105tanie \u201eTamy\u201d: Tylko po co?"}]},{"@type":"WebSite","@id":"https:\/\/toman.pl\/#website","url":"https:\/\/toman.pl\/","name":"Micha\u0142 Toman","description":"","potentialAction":[{"@type":"SearchAction","target":{"@type":"EntryPoint","urlTemplate":"https:\/\/toman.pl\/?s={search_term_string}"},"query-input":{"@type":"PropertyValueSpecification","valueRequired":true,"valueName":"search_term_string"}}],"inLanguage":"pl-PL"},{"@type":"Person","@id":"https:\/\/toman.pl\/#\/schema\/person\/c51787b16a9d9c4b086af5560c337ae7","name":"Micha\u0142 Toman","image":{"@type":"ImageObject","inLanguage":"pl-PL","@id":"https:\/\/secure.gravatar.com\/avatar\/6e004dfaf54aa5af73ea52490249766d8862c0ec79843bf0d653f78635460df8?s=96&d=mm&r=g","url":"https:\/\/secure.gravatar.com\/avatar\/6e004dfaf54aa5af73ea52490249766d8862c0ec79843bf0d653f78635460df8?s=96&d=mm&r=g","contentUrl":"https:\/\/secure.gravatar.com\/avatar\/6e004dfaf54aa5af73ea52490249766d8862c0ec79843bf0d653f78635460df8?s=96&d=mm&r=g","caption":"Micha\u0142 Toman"},"sameAs":["http:\/\/tomanpa.cluster028.hosting.ovh.net"],"url":"https:\/\/toman.pl\/index.php\/author\/admin5877\/"}]}},"_links":{"self":[{"href":"https:\/\/toman.pl\/index.php\/wp-json\/wp\/v2\/posts\/153","targetHints":{"allow":["GET"]}}],"collection":[{"href":"https:\/\/toman.pl\/index.php\/wp-json\/wp\/v2\/posts"}],"about":[{"href":"https:\/\/toman.pl\/index.php\/wp-json\/wp\/v2\/types\/post"}],"author":[{"embeddable":true,"href":"https:\/\/toman.pl\/index.php\/wp-json\/wp\/v2\/users\/1"}],"replies":[{"embeddable":true,"href":"https:\/\/toman.pl\/index.php\/wp-json\/wp\/v2\/comments?post=153"}],"version-history":[{"count":2,"href":"https:\/\/toman.pl\/index.php\/wp-json\/wp\/v2\/posts\/153\/revisions"}],"predecessor-version":[{"id":212,"href":"https:\/\/toman.pl\/index.php\/wp-json\/wp\/v2\/posts\/153\/revisions\/212"}],"wp:featuredmedia":[{"embeddable":true,"href":"https:\/\/toman.pl\/index.php\/wp-json\/wp\/v2\/media\/211"}],"wp:attachment":[{"href":"https:\/\/toman.pl\/index.php\/wp-json\/wp\/v2\/media?parent=153"}],"wp:term":[{"taxonomy":"category","embeddable":true,"href":"https:\/\/toman.pl\/index.php\/wp-json\/wp\/v2\/categories?post=153"},{"taxonomy":"post_tag","embeddable":true,"href":"https:\/\/toman.pl\/index.php\/wp-json\/wp\/v2\/tags?post=153"}],"curies":[{"name":"wp","href":"https:\/\/api.w.org\/{rel}","templated":true}]}}